{"id":6421,"date":"2025-06-21T23:48:38","date_gmt":"2025-06-21T21:48:38","guid":{"rendered":"https:\/\/fvbadsaulgau.de\/interview-tobias-rundel-copy\/"},"modified":"2025-06-22T23:05:10","modified_gmt":"2025-06-22T21:05:10","slug":"jugendturnier-2025-bad-saulgau","status":"publish","type":"post","link":"https:\/\/fvbadsaulgau.de\/index.php\/jugendturnier-2025-bad-saulgau\/","title":{"rendered":"DVAG Matthias Bayer Jugend Cup 2025"},"content":{"rendered":"\t\t<div data-elementor-type=\"wp-post\" data-elementor-id=\"6421\" class=\"elementor elementor-6421\" data-elementor-post-type=\"post\">\n\t\t\t\t<div class=\"elementor-element elementor-element-a5836fc e-con-full e-flex e-con e-parent\" data-id=\"a5836fc\" data-element_type=\"container\">\n\t\t\t\t<div class=\"elementor-element elementor-element-7259e77 elementor-widget elementor-widget-image\" data-id=\"7259e77\" data-element_type=\"widget\" data-widget_type=\"image.default\">\n\t\t\t\t<div class=\"elementor-widget-container\">\n\t\t\t\t\t\t\t\t\t\t\t\t\t\t\t<img fetchpriority=\"high\" decoding=\"async\" width=\"2400\" height=\"750\" src=\"https:\/\/fvbadsaulgau.de\/wp-content\/uploads\/2024\/02\/BolzBlatt-Header.jpg\" class=\"attachment-full size-full wp-image-3467\" alt=\"\" srcset=\"https:\/\/fvbadsaulgau.de\/wp-content\/uploads\/2024\/02\/BolzBlatt-Header.jpg 2400w, https:\/\/fvbadsaulgau.de\/wp-content\/uploads\/2024\/02\/BolzBlatt-Header-300x94.jpg 300w, https:\/\/fvbadsaulgau.de\/wp-content\/uploads\/2024\/02\/BolzBlatt-Header-1024x320.jpg 1024w, https:\/\/fvbadsaulgau.de\/wp-content\/uploads\/2024\/02\/BolzBlatt-Header-768x240.jpg 768w, https:\/\/fvbadsaulgau.de\/wp-content\/uploads\/2024\/02\/BolzBlatt-Header-1536x480.jpg 1536w, https:\/\/fvbadsaulgau.de\/wp-content\/uploads\/2024\/02\/BolzBlatt-Header-2048x640.jpg 2048w\" sizes=\"(max-width: 2400px) 100vw, 2400px\" \/>\t\t\t\t\t\t\t\t\t\t\t\t\t\t\t<\/div>\n\t\t\t\t<\/div>\n\t\t\t\t<\/div>\n\t\t<div class=\"elementor-element elementor-element-49919c7f e-flex e-con-boxed e-con e-parent\" data-id=\"49919c7f\" data-element_type=\"container\">\n\t\t\t\t\t<div class=\"e-con-inner\">\n\t\t\t\t<div class=\"elementor-element elementor-element-f5c7cde elementor-widget elementor-widget-spacer\" data-id=\"f5c7cde\" data-element_type=\"widget\" data-widget_type=\"spacer.default\">\n\t\t\t\t<div class=\"elementor-widget-container\">\n\t\t\t\t\t\t\t<div class=\"elementor-spacer\">\n\t\t\t<div class=\"elementor-spacer-inner\"><\/div>\n\t\t<\/div>\n\t\t\t\t\t\t<\/div>\n\t\t\t\t<\/div>\n\t\t\t\t<div class=\"elementor-element elementor-element-b5820bd elementor-widget elementor-widget-text-editor\" data-id=\"b5820bd\" data-element_type=\"widget\" data-widget_type=\"text-editor.default\">\n\t\t\t\t<div class=\"elementor-widget-container\">\n\t\t\t\t\t\t\t\t\t<p style=\"text-align: center;\"><strong data-start=\"289\" data-end=\"344\">40 Teams. \u00dcber 450 Talente. 2 Tage Fu\u00dfballwahnsinn.<\/strong><\/p>\t\t\t\t\t\t\t\t<\/div>\n\t\t\t\t<\/div>\n\t\t\t\t<div class=\"elementor-element elementor-element-aa9bbf5 elementor-widget elementor-widget-spacer\" data-id=\"aa9bbf5\" data-element_type=\"widget\" data-widget_type=\"spacer.default\">\n\t\t\t\t<div class=\"elementor-widget-container\">\n\t\t\t\t\t\t\t<div class=\"elementor-spacer\">\n\t\t\t<div class=\"elementor-spacer-inner\"><\/div>\n\t\t<\/div>\n\t\t\t\t\t\t<\/div>\n\t\t\t\t<\/div>\n\t\t\t\t<div class=\"elementor-element elementor-element-e8ea5f0 elementor-widget elementor-widget-heading\" data-id=\"e8ea5f0\" data-element_type=\"widget\" data-widget_type=\"heading.default\">\n\t\t\t\t<div class=\"elementor-widget-container\">\n\t\t\t\t\t<h1 class=\"elementor-heading-title elementor-size-default\">DVAG Matthias Bayer Cup: 40 Jugendteams treffen sich in Bad Saulgau \u2013 28. &amp; 29. Juni 2025<\/h1>\t\t\t\t<\/div>\n\t\t\t\t<\/div>\n\t\t\t\t<div class=\"elementor-element elementor-element-4d6e61f2 elementor-widget elementor-widget-text-editor\" data-id=\"4d6e61f2\" data-element_type=\"widget\" data-widget_type=\"text-editor.default\">\n\t\t\t\t<div class=\"elementor-widget-container\">\n\t\t\t\t\t\t\t\t\t<p data-start=\"284\" data-end=\"636\">\u00a0<\/p><p data-start=\"284\" data-end=\"636\"><strong>Bad Saulgau<\/strong> \u2013 Am Wochenende des 28. und 29. Juni 2025 veranstaltet der FV Bad Saulgau auf dem Birkenwegsportplatz den DVAG Matthias Bayer Cup \u2013 ein zweit\u00e4giges Jugendturnier mit insgesamt 40 teilnehmenden Mannschaften. Gespielt wird in vier Altersklassen: E-, F-, D- und C-Junioren. Der Eintritt ist frei, f\u00fcr Bewirtung ist an beiden Tagen gesorgt.<\/p><p data-start=\"284\" data-end=\"636\"><a href=\"http:\/\/fvbadsaulgau.de\/wp-content\/uploads\/2025\/06\/Spielplan-Cup-2025.pdf\">Zum Spielplan<\/a><\/p><p data-start=\"638\" data-end=\"929\"><strong data-start=\"638\" data-end=\"672\">Alle Spiele dauern 15 Minuten.<\/strong> In den Turnieren der E-, D- und C-Junioren wird in zwei Vorrundengruppen gespielt, gefolgt von Halbfinals, Spiel um Platz 3 und dem Finale. Die F-Junioren spielen im bekannten Fairplay-Modus ohne Finalrunde. Die Ergebnisse werden live vor Ort dokumentiert.<\/p><p data-start=\"931\" data-end=\"957\"><strong data-start=\"931\" data-end=\"957\">Samstag, 28. Juni 2025<\/strong><\/p><p data-start=\"959\" data-end=\"1123\"><strong data-start=\"959\" data-end=\"973\">E-Junioren<\/strong><br data-start=\"973\" data-end=\"976\" \/>Beginn: 09:00 Uhr<br data-start=\"993\" data-end=\"996\" \/>Teilnehmer: u.\u202fa. FV Bad Saulgau, SC Pfullendorf U11, Wacker Biberach, SV Oberzell, SGM Ertingen\/Binzwangen<br data-start=\"1103\" data-end=\"1106\" \/>Finale: 12:27 Uhr<\/p><p data-start=\"1125\" data-end=\"1350\"><strong data-start=\"1125\" data-end=\"1139\">C-Junioren<\/strong><br data-start=\"1139\" data-end=\"1142\" \/>Beginn: 14:00 Uhr<br data-start=\"1159\" data-end=\"1162\" \/>Teilnehmer: u.\u202fa. SC Pfullendorf U14, TSV Blaustein, SpVgg FAL, SGM Aulendorf\/Bl\u00f6nried\/Ebersbach, FV Bad Waldsee, FC Isny, FV Bad Schussenried<br data-start=\"1304\" data-end=\"1307\" \/>Finalrunde ab 16:53 Uhr<br data-start=\"1330\" data-end=\"1333\" \/>Finale: 17:44 Uhr<\/p><p data-start=\"1352\" data-end=\"1378\"><strong data-start=\"1352\" data-end=\"1378\">Sonntag, 29. Juni 2025<\/strong><\/p><p data-start=\"1380\" data-end=\"1568\"><strong data-start=\"1380\" data-end=\"1394\">F-Junioren<\/strong><br data-start=\"1394\" data-end=\"1397\" \/>Beginn: 10:00 Uhr<br data-start=\"1414\" data-end=\"1417\" \/>Teilnehmer: u.\u202fa. FV Bad Saulgau, SV Hohentengen, TSV Ertingen, SGM Alb-Lauchert, SV Mittelbuch, Wacker Biberach<br data-start=\"1529\" data-end=\"1532\" \/>Modus: Gruppenspiele ohne Finalrunde<\/p><p data-start=\"1570\" data-end=\"1817\"><strong data-start=\"1570\" data-end=\"1584\">D-Junioren<\/strong><br data-start=\"1584\" data-end=\"1587\" \/>Beginn: 14:00 Uhr<br data-start=\"1604\" data-end=\"1607\" \/>Teilnehmer: u.\u202fa. TSG T\u00fcbingen, VfB Friedrichshafen, SGM FC Laiz\/FC99, SGM Aulendorf\/Bl\u00f6nried\/Ebersbach, SGM Blitzenreute\/Wolpertswende\/Mochenwangen<br data-start=\"1771\" data-end=\"1774\" \/>Finalrunde ab 16:53 Uhr<br data-start=\"1797\" data-end=\"1800\" \/>Finale: 17:44 Uhr<\/p><p data-start=\"1819\" data-end=\"1850\"><strong data-start=\"1819\" data-end=\"1850\">Warum sich ein Besuch lohnt<\/strong><\/p><p data-start=\"1852\" data-end=\"2196\">An zwei Tagen werden insgesamt 80 Spiele ausgetragen. Der Birkenwegsportplatz wird zur Plattform f\u00fcr den Jugendfu\u00dfball der Region. Zahlreiche Vereine aus Oberschwaben, dem Bodenseekreis und dem Donau-Iller-Raum sind vertreten. Es ist eine seltene Gelegenheit, so viele ambitionierte Teams aus verschiedenen Fu\u00dfballkreisen an einem Ort zu sehen.<\/p><p data-start=\"2198\" data-end=\"2402\">Neben dem Sport steht das Miteinander im Mittelpunkt \u2013 mit famili\u00e4rer Atmosph\u00e4re, regionaler Verpflegung und kurzen Wegen.<\/p><p data-start=\"2404\" data-end=\"2440\"><strong data-start=\"2404\" data-end=\"2440\"><br \/>Turnierpartner mit Verantwortung<\/strong><\/p><p data-start=\"371\" data-end=\"591\">Der Namensgeber des Turniers, <strong data-start=\"401\" data-end=\"455\">Matthias Bayer von der Deutschen Verm\u00f6gensberatung<\/strong>, unterst\u00fctzt den FV Bad Saulgau bei der Durchf\u00fchrung dieses Jugendturniers nicht nur finanziell.<\/p><p data-start=\"593\" data-end=\"741\">Sein Engagement steht f\u00fcr <strong data-start=\"619\" data-end=\"646\">regionale Verantwortung<\/strong> und f\u00fcr eine <strong data-start=\"660\" data-end=\"690\">langfristige Partnerschaft<\/strong>, die weit \u00fcber ein einzelnes Turnier hinausgeht.<\/p><p data-start=\"743\" data-end=\"1140\">Der <strong data-start=\"747\" data-end=\"779\">DVAG Matthias Bayer Cup 2025<\/strong> ist zugleich der <strong data-start=\"797\" data-end=\"850\">Startpunkt einer neuen Jugendausrichtung beim FVS<\/strong>, die gezielt auf nachhaltige F\u00f6rderung, pers\u00f6nliche Begleitung und moderne Ausbildungsstrukturen setzt. Matthias Bayer wird diesen Weg nicht nur als Unterst\u00fctzer, sondern als <strong data-start=\"1026\" data-end=\"1050\">aktiver Mitgestalter<\/strong> begleiten.<\/p><p data-start=\"1142\" data-end=\"1256\">Was hier beginnt, ist mehr als ein Fu\u00dfballprojekt. Es ist ein Bekenntnis zur Region \u2013 und zur n\u00e4chsten Generation.<\/p><p data-start=\"2802\" data-end=\"3055\">Der DVAG Matthias Bayer Cup 2025 ist kein Event \u2013 sondern ehrlicher Jugendfu\u00dfball auf hohem Niveau. Wer wissen will, wie stark die n\u00e4chste Generation in Oberschwaben aufgestellt ist, findet am letzten Juni-Wochenende in Bad Saulgau die passende Antwort.<\/p><p data-start=\"2802\" data-end=\"3055\"><a href=\"http:\/\/fvbadsaulgau.de\/wp-content\/uploads\/2025\/06\/Spielplan-Cup-2025.pdf\">Zum Spielplan<\/a><\/p>\t\t\t\t\t\t\t\t<\/div>\n\t\t\t\t<\/div>\n\t\t\t\t\t<\/div>\n\t\t\t\t<\/div>\n\t\t<div class=\"elementor-element elementor-element-cafa324 e-grid e-con-boxed e-con e-parent\" data-id=\"cafa324\" data-element_type=\"container\">\n\t\t\t\t\t<div class=\"e-con-inner\">\n\t\t\t\t\t<\/div>\n\t\t\t\t<\/div>\n\t\t\t\t<\/div>\n\t\t","protected":false},"excerpt":{"rendered":"<p>Der Fu\u00dfball-Nachwuchs im Fokus<br \/>\nZwei Tage. Vier Altersklassen. 40 Mannschaften.<br \/>\nBeim DVAG Matthias Bayer Cup 2025 treffen Teams aus der gesamten Region aufeinander \u2013 von traditionsreichen Nachwuchsabteilungen bis hin zu engagierten Jugendspielgemeinschaften.<\/p>\n<p>Gespielt wird mit Leidenschaft, Ehrgeiz und Respekt \u2013 in einem Turnier, das nicht nur Ergebnisse liefert, sondern Begegnungen schafft.<\/p>\n<p>Ob E-, F-, D- oder C-Junioren: Jedes Spiel z\u00e4hlt, jede Aktion erz\u00e4hlt ihre eigene Geschichte.<\/p>\n","protected":false},"author":1,"featured_media":6429,"comment_status":"open","ping_status":"open","sticky":false,"template":"","format":"standard","meta":{"_acf_changed":false,"footnotes":""},"categories":[67],"tags":[],"sponsor":[],"class_list":["post-6421","post","type-post","status-publish","format-standard","has-post-thumbnail","hentry","category-jugend"],"acf":[],"_links":{"self":[{"href":"https:\/\/fvbadsaulgau.de\/index.php\/wp-json\/wp\/v2\/posts\/6421","targetHints":{"allow":["GET"]}}],"collection":[{"href":"https:\/\/fvbadsaulgau.de\/index.php\/wp-json\/wp\/v2\/posts"}],"about":[{"href":"https:\/\/fvbadsaulgau.de\/index.php\/wp-json\/wp\/v2\/types\/post"}],"author":[{"embeddable":true,"href":"https:\/\/fvbadsaulgau.de\/index.php\/wp-json\/wp\/v2\/users\/1"}],"replies":[{"embeddable":true,"href":"https:\/\/fvbadsaulgau.de\/index.php\/wp-json\/wp\/v2\/comments?post=6421"}],"version-history":[{"count":10,"href":"https:\/\/fvbadsaulgau.de\/index.php\/wp-json\/wp\/v2\/posts\/6421\/revisions"}],"predecessor-version":[{"id":6440,"href":"https:\/\/fvbadsaulgau.de\/index.php\/wp-json\/wp\/v2\/posts\/6421\/revisions\/6440"}],"wp:featuredmedia":[{"embeddable":true,"href":"https:\/\/fvbadsaulgau.de\/index.php\/wp-json\/wp\/v2\/media\/6429"}],"wp:attachment":[{"href":"https:\/\/fvbadsaulgau.de\/index.php\/wp-json\/wp\/v2\/media?parent=6421"}],"wp:term":[{"taxonomy":"category","embeddable":true,"href":"https:\/\/fvbadsaulgau.de\/index.php\/wp-json\/wp\/v2\/categories?post=6421"},{"taxonomy":"post_tag","embeddable":true,"href":"https:\/\/fvbadsaulgau.de\/index.php\/wp-json\/wp\/v2\/tags?post=6421"},{"taxonomy":"sponsor","embeddable":true,"href":"https:\/\/fvbadsaulgau.de\/index.php\/wp-json\/wp\/v2\/sponsor?post=6421"}],"curies":[{"name":"wp","href":"https:\/\/api.w.org\/{rel}","templated":true}]}}