{"id":6224,"date":"2025-04-07T09:00:11","date_gmt":"2025-04-07T07:00:11","guid":{"rendered":"https:\/\/fvbadsaulgau.de\/fv-bad-saulgau-sgm-bolsternhochberg-10-10-copy\/"},"modified":"2025-04-08T16:24:07","modified_gmt":"2025-04-08T14:24:07","slug":"sc-tuerkiyemspor-saulgau-fv-bad-saulgau-03","status":"publish","type":"post","link":"https:\/\/fvbadsaulgau.de\/index.php\/sc-tuerkiyemspor-saulgau-fv-bad-saulgau-03\/","title":{"rendered":"SC T\u00fcrkiyemspor Saulgau \u2013 FV Bad Saulgau 0:3"},"content":{"rendered":"\t\t<div data-elementor-type=\"wp-post\" data-elementor-id=\"6224\" class=\"elementor elementor-6224\" data-elementor-post-type=\"post\">\n\t\t\t\t<div class=\"elementor-element elementor-element-a5836fc e-con-full e-flex e-con e-parent\" data-id=\"a5836fc\" data-element_type=\"container\">\n\t\t\t\t<div class=\"elementor-element elementor-element-7259e77 elementor-widget elementor-widget-image\" data-id=\"7259e77\" data-element_type=\"widget\" data-widget_type=\"image.default\">\n\t\t\t\t<div class=\"elementor-widget-container\">\n\t\t\t\t\t\t\t\t\t\t\t\t\t\t\t<img fetchpriority=\"high\" decoding=\"async\" width=\"2400\" height=\"750\" src=\"https:\/\/fvbadsaulgau.de\/wp-content\/uploads\/2024\/02\/BolzBlatt-Header.jpg\" class=\"attachment-full size-full wp-image-3467\" alt=\"\" srcset=\"https:\/\/fvbadsaulgau.de\/wp-content\/uploads\/2024\/02\/BolzBlatt-Header.jpg 2400w, https:\/\/fvbadsaulgau.de\/wp-content\/uploads\/2024\/02\/BolzBlatt-Header-300x94.jpg 300w, https:\/\/fvbadsaulgau.de\/wp-content\/uploads\/2024\/02\/BolzBlatt-Header-1024x320.jpg 1024w, https:\/\/fvbadsaulgau.de\/wp-content\/uploads\/2024\/02\/BolzBlatt-Header-768x240.jpg 768w, https:\/\/fvbadsaulgau.de\/wp-content\/uploads\/2024\/02\/BolzBlatt-Header-1536x480.jpg 1536w, https:\/\/fvbadsaulgau.de\/wp-content\/uploads\/2024\/02\/BolzBlatt-Header-2048x640.jpg 2048w\" sizes=\"(max-width: 2400px) 100vw, 2400px\" \/>\t\t\t\t\t\t\t\t\t\t\t\t\t\t\t<\/div>\n\t\t\t\t<\/div>\n\t\t\t\t<\/div>\n\t\t<div class=\"elementor-element elementor-element-49919c7f e-con-full e-flex e-con e-parent\" data-id=\"49919c7f\" data-element_type=\"container\">\n\t\t\t\t<div class=\"elementor-element elementor-element-f5c7cde elementor-widget elementor-widget-spacer\" data-id=\"f5c7cde\" data-element_type=\"widget\" data-widget_type=\"spacer.default\">\n\t\t\t\t<div class=\"elementor-widget-container\">\n\t\t\t\t\t\t\t<div class=\"elementor-spacer\">\n\t\t\t<div class=\"elementor-spacer-inner\"><\/div>\n\t\t<\/div>\n\t\t\t\t\t\t<\/div>\n\t\t\t\t<\/div>\n\t\t\t\t<div class=\"elementor-element elementor-element-b5820bd elementor-widget elementor-widget-text-editor\" data-id=\"b5820bd\" data-element_type=\"widget\" data-widget_type=\"text-editor.default\">\n\t\t\t\t<div class=\"elementor-widget-container\">\n\t\t\t\t\t\t\t\t\t<p style=\"text-align: center;\">SC T\u00fcrkiyemspor Saulgau \u2013 FV Bad Saulgau 0:3 (0:2)<\/p>\t\t\t\t\t\t\t\t<\/div>\n\t\t\t\t<\/div>\n\t\t\t\t<div class=\"elementor-element elementor-element-aa9bbf5 elementor-widget elementor-widget-spacer\" data-id=\"aa9bbf5\" data-element_type=\"widget\" data-widget_type=\"spacer.default\">\n\t\t\t\t<div class=\"elementor-widget-container\">\n\t\t\t\t\t\t\t<div class=\"elementor-spacer\">\n\t\t\t<div class=\"elementor-spacer-inner\"><\/div>\n\t\t<\/div>\n\t\t\t\t\t\t<\/div>\n\t\t\t\t<\/div>\n\t\t\t\t<div class=\"elementor-element elementor-element-e8ea5f0 elementor-widget elementor-widget-heading\" data-id=\"e8ea5f0\" data-element_type=\"widget\" data-widget_type=\"heading.default\">\n\t\t\t\t<div class=\"elementor-widget-container\">\n\t\t\t\t\t<h1 class=\"elementor-heading-title elementor-size-default\">Der FV Bad Saulgau bleibt das Ma\u00df der Dinge \u2013 Souver\u00e4ner Stadtderby-Sieg kr\u00f6nt b\u00e4renstarken R\u00fcckrundenstart<\/h1>\t\t\t\t<\/div>\n\t\t\t\t<\/div>\n\t\t<div class=\"elementor-element elementor-element-8a7ab09 e-grid e-con-boxed e-con e-child\" data-id=\"8a7ab09\" data-element_type=\"container\">\n\t\t\t\t\t<div class=\"e-con-inner\">\n\t\t\t\t<div class=\"elementor-element elementor-element-5933413 elementor-widget elementor-widget-image\" data-id=\"5933413\" data-element_type=\"widget\" data-widget_type=\"image.default\">\n\t\t\t\t<div class=\"elementor-widget-container\">\n\t\t\t\t\t\t\t\t\t\t\t\t\t\t\t<img decoding=\"async\" width=\"1920\" height=\"2560\" src=\"https:\/\/fvbadsaulgau.de\/wp-content\/uploads\/2025\/04\/20250406_1710110-scaled.jpg\" class=\"attachment-full size-full wp-image-6239\" alt=\"\" srcset=\"https:\/\/fvbadsaulgau.de\/wp-content\/uploads\/2025\/04\/20250406_1710110-scaled.jpg 1920w, https:\/\/fvbadsaulgau.de\/wp-content\/uploads\/2025\/04\/20250406_1710110-225x300.jpg 225w, https:\/\/fvbadsaulgau.de\/wp-content\/uploads\/2025\/04\/20250406_1710110-768x1024.jpg 768w, https:\/\/fvbadsaulgau.de\/wp-content\/uploads\/2025\/04\/20250406_1710110-1152x1536.jpg 1152w, https:\/\/fvbadsaulgau.de\/wp-content\/uploads\/2025\/04\/20250406_1710110-1536x2048.jpg 1536w\" sizes=\"(max-width: 1920px) 100vw, 1920px\" \/>\t\t\t\t\t\t\t\t\t\t\t\t\t\t\t<\/div>\n\t\t\t\t<\/div>\n\t\t\t\t<div class=\"elementor-element elementor-element-2a8b8a5 elementor-widget elementor-widget-text-editor\" data-id=\"2a8b8a5\" data-element_type=\"widget\" data-widget_type=\"text-editor.default\">\n\t\t\t\t<div class=\"elementor-widget-container\">\n\t\t\t\t\t\t\t\t\t<p>\u00a0<\/p><p><strong data-start=\"471\" data-end=\"487\">Bad Saulgau.<\/strong> Der FV Bad Saulgau gewinnt auch das \u201erichtige\u201c Stadtderby gegen den SC T\u00fcrkiyemspor \u2013 und das deutlich mit 3:0. Mit dem vierten Sieg im vierten Spiel nach der Winterpause unterstreicht der FVS eindrucksvoll, warum er an der Tabellenspitze der Kreisliga A1 steht.<\/p><p><br data-start=\"750\" data-end=\"753\" \/>W\u00e4hrend die Konkurrenz patzt, marschiert die Mannschaft von Woche zu Woche weiter \u2013 mit v\u00f6llig unterschiedlichen Mitteln, aber stets mit dem gleichen Ziel: drei Punkte.<\/p>\t\t\t\t\t\t\t\t<\/div>\n\t\t\t\t<\/div>\n\t\t\t\t\t<\/div>\n\t\t\t\t<\/div>\n\t\t\t\t<div class=\"elementor-element elementor-element-4d6e61f2 elementor-widget elementor-widget-text-editor\" data-id=\"4d6e61f2\" data-element_type=\"widget\" data-widget_type=\"text-editor.default\">\n\t\t\t\t<div class=\"elementor-widget-container\">\n\t\t\t\t\t\t\t\t\t<h3 class=\"\" data-start=\"928\" data-end=\"991\"><strong data-start=\"932\" data-end=\"991\">Ein Spiel, zwei Zauberf\u00fc\u00dfe: \u201eDibak 20|7\u201c z\u00fcndet doppelt<\/strong><\/h3><p class=\"\" data-start=\"993\" data-end=\"1269\">Derbys haben ihre eigenen Gesetze \u2013 doch manchmal braucht es nur ein paar magische Momente, um das Spiel fr\u00fch zu entscheiden. <strong data-start=\"1121\" data-end=\"1142\">In der 24. Minute<\/strong> er\u00f6ffnete <strong data-start=\"1153\" data-end=\"1169\">Cenk Bulanik<\/strong> nach starker Vorlage von Riedesser das Toreschie\u00dfen.<br \/><br data-start=\"1222\" data-end=\"1225\" \/>Was danach folgte, war pure Freisto\u00dfkunst:<\/p><ul data-start=\"1270\" data-end=\"1688\"><li class=\"\" data-start=\"1270\" data-end=\"1408\"><p class=\"\" data-start=\"1272\" data-end=\"1408\"><strong data-start=\"1272\" data-end=\"1298\">Aldin &#8220;Dino&#8221; Delic (7)<\/strong> verwandelte in der <strong data-start=\"1318\" data-end=\"1332\">26. Minute<\/strong> einen ruhenden Ball direkt in den Winkel \u2013 technisch brillant, unhaltbar.<\/p><\/li><li class=\"\" data-start=\"1409\" data-end=\"1688\"><p class=\"\" data-start=\"1411\" data-end=\"1688\">In der <strong data-start=\"1418\" data-end=\"1432\">57. Minute<\/strong> legte <strong data-start=\"1439\" data-end=\"1459\">Arkin Sibak (20)<\/strong> nach \u2013 aus fast 30 Metern zirkelte er den Ball ins linke obere Eck.<br data-start=\"1527\" data-end=\"1530\" \/>Zwei Traumtore \u2013 zwei Zauberf\u00fc\u00dfe \u2013 ein neuer Name f\u00fcr die Kreisliga-Kunstgeschichte: <strong data-start=\"1617\" data-end=\"1688\">\u201eDibak 20|7\u201c <br \/><\/strong><\/p><\/li><\/ul><p>\u00a0<\/p><h3 class=\"\" data-start=\"253\" data-end=\"307\"><strong data-start=\"257\" data-end=\"307\">Stephan Hiller \u2013 Verlass, wenn\u2019s drauf ankommt<\/strong><\/h3><p class=\"\" data-start=\"309\" data-end=\"492\">Wenn der Stammkeeper mal fehlt, braucht es einen, der bereit ist. <strong data-start=\"375\" data-end=\"393\">Stephan Hiller<\/strong> war am Sonntag genau dieser Mann \u2013 und zeigte eindrucksvoll, was ein starkes Torwart-Duo ausmacht.<\/p><p class=\"\" data-start=\"494\" data-end=\"935\"><strong data-start=\"494\" data-end=\"536\">Unsere Nummer 1, &#8220;Putti&#8221; von Puttkamer<\/strong>, konzentriert sich aktuell auf sein Abitur \u2013 und kann sich dabei blind auf seinen Vertreter verlassen.<br data-start=\"639\" data-end=\"642\" \/><strong data-start=\"642\" data-end=\"679\">Hiller sprang ein \u2013 und lieferte.<\/strong><\/p><p class=\"\" data-start=\"494\" data-end=\"935\"><br data-start=\"679\" data-end=\"682\" \/>In der ersten H\u00e4lfte ruhig, in der zweiten dann mit starken Aktionen zur Stelle: Beim gef\u00e4hrlichen Abschluss von Akyildiz in der <strong data-start=\"811\" data-end=\"825\">74. Minute<\/strong> lenkte er den Ball mit den Fingerspitzen noch an den Pfosten \u2013 ein Moment, der das Spiel h\u00e4tte kippen k\u00f6nnen.<\/p><p class=\"\" data-start=\"937\" data-end=\"1136\">Solche Spiele zeigen: <strong data-start=\"959\" data-end=\"1054\">Beim FV Bad Saulgau steht nicht nur ein starker Keeper im Tor \u2013 sondern ein echtes Gespann.<\/strong><br data-start=\"1054\" data-end=\"1057\" \/>Wenn\u2019s darauf ankommt, ist auf beide Verlass.<\/p><p>\u00a0<\/p><h3 class=\"\" data-start=\"2244\" data-end=\"2301\"><strong data-start=\"2248\" data-end=\"2301\">Vier Spiele, vier Gesichter \u2013 aber immer ein Ziel<\/strong><\/h3><p class=\"\" data-start=\"2303\" data-end=\"2406\">Was den FV Bad Saulgau aktuell auszeichnet, ist nicht nur das Ergebnis \u2013 es ist die <strong data-start=\"2387\" data-end=\"2403\">Flexibilit\u00e4t<\/strong>:<\/p><ul data-start=\"2407\" data-end=\"2809\"><li class=\"\" data-start=\"2407\" data-end=\"2484\"><p class=\"\" data-start=\"2409\" data-end=\"2484\">Gegen <strong data-start=\"2415\" data-end=\"2433\">Renhardsweiler<\/strong> war es ein <strong data-start=\"2445\" data-end=\"2458\">Kampfsieg<\/strong> mit sp\u00e4tem Lucky Punch.<\/p><\/li><li class=\"\" data-start=\"2485\" data-end=\"2584\"><p class=\"\" data-start=\"2487\" data-end=\"2584\">In <strong data-start=\"2490\" data-end=\"2509\">Langenenslingen<\/strong> reichte eine abgekl\u00e4rte Halbzeit, um das Spiel mit Tempo zu entscheiden.<\/p><\/li><li class=\"\" data-start=\"2585\" data-end=\"2728\"><p class=\"\" data-start=\"2587\" data-end=\"2728\">Gegen <strong data-start=\"2593\" data-end=\"2614\">Bolstern\/Hochberg<\/strong> wurde das Spiel mit letzter Kraft und viel Gl\u00fcck \u00fcber die Linie gezittert \u2013 ein <strong data-start=\"2695\" data-end=\"2726\">echter dreckiger Derbysieg.<\/strong><\/p><\/li><li class=\"\" data-start=\"2729\" data-end=\"2809\"><p class=\"\" data-start=\"2731\" data-end=\"2809\">Und jetzt? Gegen T\u00fcrkiyemspor: <strong data-start=\"2762\" data-end=\"2809\">Fu\u00dfball mit Struktur, Geduld und Effizienz.<\/strong><\/p><p>\u00a0<\/p><\/li><\/ul><p class=\"\" data-start=\"2811\" data-end=\"3061\"><span style=\"color: #000000;\">Die Mannscht kann verteidigen, wenn\u2019s sein muss. Sie kann zaubern, wenn\u2019s l\u00e4uft. Und sie kann Spiele auch dann gewinnen, wenn\u2019s mal nicht sch\u00f6n ist.<\/span><\/p><h3 data-start=\"3068\" data-end=\"3128\">\u00a0<\/h3><h3 class=\"\" data-start=\"3068\" data-end=\"3128\"><strong data-start=\"3072\" data-end=\"3128\">Fazit: Stadtderby souver\u00e4n gemeistert \u2013 Aufstieg r\u00fcckt n\u00e4her <br \/><\/strong><\/h3><p><strong data-start=\"1871\" data-end=\"1954\">Der FV Bad Saulgau holt den n\u00e4chsten Dreier \u2013 und das mit beeindruckender Ruhe.<\/strong> <br \/>In einem emotionalen Derby behielt der FVS stets die Kontrolle, lie\u00df hinten kaum etwas zu und zeigte vorne Effizienz und individuelle Klasse.<br \/><br data-start=\"2096\" data-end=\"2099\" \/>Mit nun <strong data-start=\"2107\" data-end=\"2153\">4 Siegen in 4 Spielen seit der Winterpause<\/strong> und dem Ausrutscher der Konkurrenz w\u00e4chst der Vorsprung weiter an. <strong data-start=\"2221\" data-end=\"2268\">Der Traum vom Aufstieg lebt \u2013 mehr denn je.<\/strong><\/p>\t\t\t\t\t\t\t\t<\/div>\n\t\t\t\t<\/div>\n\t\t\t\t<div class=\"elementor-element elementor-element-fe7b5f8 elementor-widget elementor-widget-text-editor\" data-id=\"fe7b5f8\" data-element_type=\"widget\" data-widget_type=\"text-editor.default\">\n\t\t\t\t<div class=\"elementor-widget-container\">\n\t\t\t\t\t\t\t\t\t<h3 class=\"\" data-start=\"2275\" data-end=\"2284\">Tore:<\/h3><ul data-start=\"2285\" data-end=\"2373\"><li class=\"\" data-start=\"2285\" data-end=\"2315\"><p class=\"\" data-start=\"2287\" data-end=\"2315\"><strong data-start=\"2287\" data-end=\"2294\">0:1<\/strong> Cenk Bulanik (24.)<\/p><\/li><li class=\"\" data-start=\"2316\" data-end=\"2345\"><p class=\"\" data-start=\"2318\" data-end=\"2345\"><strong data-start=\"2318\" data-end=\"2325\">0:2<\/strong> Aldin Delic (26.)<\/p><\/li><li class=\"\" data-start=\"2346\" data-end=\"2373\"><p class=\"\" data-start=\"2348\" data-end=\"2373\"><strong data-start=\"2348\" data-end=\"2355\">0:3<\/strong> Arkin Sibak (57.)<\/p><\/li><\/ul><h3 data-start=\"3181\" data-end=\"3229\">\u00a0<\/h3><h3 class=\"\" data-start=\"3181\" data-end=\"3229\">Ausblick:<\/h3><p class=\"\" data-start=\"3231\" data-end=\"3566\">Am kommenden Wochenende geht\u2019s weiter \u2013 dann empf\u00e4ngt der FVS die SGM TSV Gammertingen\/SG KFH Kettenacker.<\/p><p class=\"\" data-start=\"3231\" data-end=\"3566\">Die Tabellenf\u00fchrung soll weiter ausgebaut werden \u2013 der Kurs ist klar: <strong data-start=\"2810\" data-end=\"2823\">Aufstieg.<\/strong><\/p>\t\t\t\t\t\t\t\t<\/div>\n\t\t\t\t<\/div>\n\t\t\t\t<\/div>\n\t\t\t\t<\/div>\n\t\t","protected":false},"excerpt":{"rendered":"<p>Der FV Bad Saulgau gewinnt das prestigetr\u00e4chtige Stadtderby gegen den SC T\u00fcrkiyemspor mit 3:0 \u2013 und feiert damit den vierten Sieg im vierten Spiel seit der Winterpause. Bulanik, Delic und Sibak treffen f\u00fcr den FVS, w\u00e4hrend die Konkurrenz patzt. <\/p>\n<p>Der Vorsprung w\u00e4chst \u2013 der Aufstieg r\u00fcckt immer n\u00e4her!<\/p>\n","protected":false},"author":1,"featured_media":6263,"comment_status":"open","ping_status":"open","sticky":false,"template":"","format":"standard","meta":{"_acf_changed":false,"footnotes":""},"categories":[75],"tags":[],"sponsor":[],"class_list":["post-6224","post","type-post","status-publish","format-standard","has-post-thumbnail","hentry","category-spielbericht"],"acf":[],"_links":{"self":[{"href":"https:\/\/fvbadsaulgau.de\/index.php\/wp-json\/wp\/v2\/posts\/6224","targetHints":{"allow":["GET"]}}],"collection":[{"href":"https:\/\/fvbadsaulgau.de\/index.php\/wp-json\/wp\/v2\/posts"}],"about":[{"href":"https:\/\/fvbadsaulgau.de\/index.php\/wp-json\/wp\/v2\/types\/post"}],"author":[{"embeddable":true,"href":"https:\/\/fvbadsaulgau.de\/index.php\/wp-json\/wp\/v2\/users\/1"}],"replies":[{"embeddable":true,"href":"https:\/\/fvbadsaulgau.de\/index.php\/wp-json\/wp\/v2\/comments?post=6224"}],"version-history":[{"count":10,"href":"https:\/\/fvbadsaulgau.de\/index.php\/wp-json\/wp\/v2\/posts\/6224\/revisions"}],"predecessor-version":[{"id":6260,"href":"https:\/\/fvbadsaulgau.de\/index.php\/wp-json\/wp\/v2\/posts\/6224\/revisions\/6260"}],"wp:featuredmedia":[{"embeddable":true,"href":"https:\/\/fvbadsaulgau.de\/index.php\/wp-json\/wp\/v2\/media\/6263"}],"wp:attachment":[{"href":"https:\/\/fvbadsaulgau.de\/index.php\/wp-json\/wp\/v2\/media?parent=6224"}],"wp:term":[{"taxonomy":"category","embeddable":true,"href":"https:\/\/fvbadsaulgau.de\/index.php\/wp-json\/wp\/v2\/categories?post=6224"},{"taxonomy":"post_tag","embeddable":true,"href":"https:\/\/fvbadsaulgau.de\/index.php\/wp-json\/wp\/v2\/tags?post=6224"},{"taxonomy":"sponsor","embeddable":true,"href":"https:\/\/fvbadsaulgau.de\/index.php\/wp-json\/wp\/v2\/sponsor?post=6224"}],"curies":[{"name":"wp","href":"https:\/\/api.w.org\/{rel}","templated":true}]}}