{"id":6208,"date":"2025-03-30T22:06:25","date_gmt":"2025-03-30T20:06:25","guid":{"rendered":"https:\/\/fvbadsaulgau.de\/sv-langenenslingen-vs-fv-bad-saulgau-copy\/"},"modified":"2025-03-30T22:43:00","modified_gmt":"2025-03-30T20:43:00","slug":"fv-bad-saulgau-sgm-bolsternhochberg-10-10","status":"publish","type":"post","link":"https:\/\/fvbadsaulgau.de\/index.php\/fv-bad-saulgau-sgm-bolsternhochberg-10-10\/","title":{"rendered":"FV Bad Saulgau \u2013 SGM Bolstern\/Hochberg 1:0"},"content":{"rendered":"\t\t<div data-elementor-type=\"wp-post\" data-elementor-id=\"6208\" class=\"elementor elementor-6208\" data-elementor-post-type=\"post\">\n\t\t\t\t<div class=\"elementor-element elementor-element-a5836fc e-con-full e-flex e-con e-parent\" data-id=\"a5836fc\" data-element_type=\"container\">\n\t\t\t\t<div class=\"elementor-element elementor-element-7259e77 elementor-widget elementor-widget-image\" data-id=\"7259e77\" data-element_type=\"widget\" data-widget_type=\"image.default\">\n\t\t\t\t<div class=\"elementor-widget-container\">\n\t\t\t\t\t\t\t\t\t\t\t\t\t\t\t<img fetchpriority=\"high\" decoding=\"async\" width=\"2400\" height=\"750\" src=\"https:\/\/fvbadsaulgau.de\/wp-content\/uploads\/2024\/02\/BolzBlatt-Header.jpg\" class=\"attachment-full size-full wp-image-3467\" alt=\"\" srcset=\"https:\/\/fvbadsaulgau.de\/wp-content\/uploads\/2024\/02\/BolzBlatt-Header.jpg 2400w, https:\/\/fvbadsaulgau.de\/wp-content\/uploads\/2024\/02\/BolzBlatt-Header-300x94.jpg 300w, https:\/\/fvbadsaulgau.de\/wp-content\/uploads\/2024\/02\/BolzBlatt-Header-1024x320.jpg 1024w, https:\/\/fvbadsaulgau.de\/wp-content\/uploads\/2024\/02\/BolzBlatt-Header-768x240.jpg 768w, https:\/\/fvbadsaulgau.de\/wp-content\/uploads\/2024\/02\/BolzBlatt-Header-1536x480.jpg 1536w, https:\/\/fvbadsaulgau.de\/wp-content\/uploads\/2024\/02\/BolzBlatt-Header-2048x640.jpg 2048w\" sizes=\"(max-width: 2400px) 100vw, 2400px\" \/>\t\t\t\t\t\t\t\t\t\t\t\t\t\t\t<\/div>\n\t\t\t\t<\/div>\n\t\t\t\t<\/div>\n\t\t<div class=\"elementor-element elementor-element-49919c7f e-con-full e-flex e-con e-parent\" data-id=\"49919c7f\" data-element_type=\"container\">\n\t\t\t\t<div class=\"elementor-element elementor-element-f5c7cde elementor-widget elementor-widget-spacer\" data-id=\"f5c7cde\" data-element_type=\"widget\" data-widget_type=\"spacer.default\">\n\t\t\t\t<div class=\"elementor-widget-container\">\n\t\t\t\t\t\t\t<div class=\"elementor-spacer\">\n\t\t\t<div class=\"elementor-spacer-inner\"><\/div>\n\t\t<\/div>\n\t\t\t\t\t\t<\/div>\n\t\t\t\t<\/div>\n\t\t\t\t<div class=\"elementor-element elementor-element-b5820bd elementor-widget elementor-widget-text-editor\" data-id=\"b5820bd\" data-element_type=\"widget\" data-widget_type=\"text-editor.default\">\n\t\t\t\t<div class=\"elementor-widget-container\">\n\t\t\t\t\t\t\t\t\t<p style=\"text-align: center;\">SFV Bad Saulgau \u2013 SGM Bolstern\/Hochberg 1:0 (1:0)<\/p>\t\t\t\t\t\t\t\t<\/div>\n\t\t\t\t<\/div>\n\t\t\t\t<div class=\"elementor-element elementor-element-aa9bbf5 elementor-widget elementor-widget-spacer\" data-id=\"aa9bbf5\" data-element_type=\"widget\" data-widget_type=\"spacer.default\">\n\t\t\t\t<div class=\"elementor-widget-container\">\n\t\t\t\t\t\t\t<div class=\"elementor-spacer\">\n\t\t\t<div class=\"elementor-spacer-inner\"><\/div>\n\t\t<\/div>\n\t\t\t\t\t\t<\/div>\n\t\t\t\t<\/div>\n\t\t\t\t<div class=\"elementor-element elementor-element-e8ea5f0 elementor-widget elementor-widget-heading\" data-id=\"e8ea5f0\" data-element_type=\"widget\" data-widget_type=\"heading.default\">\n\t\t\t\t<div class=\"elementor-widget-container\">\n\t\t\t\t\t<h1 class=\"elementor-heading-title elementor-size-default\">Kampfsieg im Derby \u2013 FV Bad Saulgau erk\u00e4mpft sich drei Punkte gegen SGM Bolstern\/Hochberg<\/h1>\t\t\t\t<\/div>\n\t\t\t\t<\/div>\n\t\t<div class=\"elementor-element elementor-element-8a7ab09 e-grid e-con-boxed e-con e-child\" data-id=\"8a7ab09\" data-element_type=\"container\">\n\t\t\t\t\t<div class=\"e-con-inner\">\n\t\t\t\t<div class=\"elementor-element elementor-element-5933413 elementor-widget elementor-widget-image\" data-id=\"5933413\" data-element_type=\"widget\" data-widget_type=\"image.default\">\n\t\t\t\t<div class=\"elementor-widget-container\">\n\t\t\t\t\t\t\t\t\t\t\t\t\t\t\t<img decoding=\"async\" width=\"600\" height=\"600\" src=\"https:\/\/fvbadsaulgau.de\/wp-content\/uploads\/2025\/03\/Schwarz-Grau-Graffiti-Berlin-Tourismus-Magazin-Cover-600-x-600-px1.png\" class=\"attachment-full size-full wp-image-6219\" alt=\"\" srcset=\"https:\/\/fvbadsaulgau.de\/wp-content\/uploads\/2025\/03\/Schwarz-Grau-Graffiti-Berlin-Tourismus-Magazin-Cover-600-x-600-px1.png 600w, https:\/\/fvbadsaulgau.de\/wp-content\/uploads\/2025\/03\/Schwarz-Grau-Graffiti-Berlin-Tourismus-Magazin-Cover-600-x-600-px1-300x300.png 300w, https:\/\/fvbadsaulgau.de\/wp-content\/uploads\/2025\/03\/Schwarz-Grau-Graffiti-Berlin-Tourismus-Magazin-Cover-600-x-600-px1-150x150.png 150w\" sizes=\"(max-width: 600px) 100vw, 600px\" \/>\t\t\t\t\t\t\t\t\t\t\t\t\t\t\t<\/div>\n\t\t\t\t<\/div>\n\t\t\t\t<div class=\"elementor-element elementor-element-2a8b8a5 elementor-widget elementor-widget-text-editor\" data-id=\"2a8b8a5\" data-element_type=\"widget\" data-widget_type=\"text-editor.default\">\n\t\t\t\t<div class=\"elementor-widget-container\">\n\t\t\t\t\t\t\t\t\t<p><strong data-start=\"351\" data-end=\"367\">Bad Saulgau.<\/strong> Der FV Bad Saulgau entscheidet das Stadtduell gegen die SGM Bolstern\/Hochberg mit 1:0 f\u00fcr sich \u2013 in einem Spiel, das nicht \u00fcber spielerische Qualit\u00e4t, sondern \u00fcber Leidenschaft, Zweikampfst\u00e4rke und Nervenst\u00e4rke entschieden wurde. <strong data-start=\"598\" data-end=\"627\">Ein klassischer Kampfsieg<\/strong>, wie ihn nur die Kreisliga schreibt \u2013 dreckig, wild, am Ende aber goldwert.<\/p>\t\t\t\t\t\t\t\t<\/div>\n\t\t\t\t<\/div>\n\t\t\t\t\t<\/div>\n\t\t\t\t<\/div>\n\t\t\t\t<div class=\"elementor-element elementor-element-4d6e61f2 elementor-widget elementor-widget-text-editor\" data-id=\"4d6e61f2\" data-element_type=\"widget\" data-widget_type=\"text-editor.default\">\n\t\t\t\t<div class=\"elementor-widget-container\">\n\t\t\t\t\t\t\t\t\t<h3 class=\"\" data-start=\"710\" data-end=\"759\">Ein Spiel ohne Sch\u00f6nheit \u2013 aber mit Bedeutung<\/h3>\n<p class=\"\" data-start=\"761\" data-end=\"1020\">Von der ersten Minute an war klar: Fu\u00dfballerisch w\u00fcrde das kein Leckerbissen. Die Partie war gepr\u00e4gt von intensiven Zweik\u00e4mpfen, vielen Fouls und unterbrochenem Spielfluss. Beide Teams suchten nicht den Weg \u00fcber Kombinationen, sondern \u00fcber Pr\u00e4senz und Physis.<\/p>\n<p class=\"\" data-start=\"1022\" data-end=\"1402\">Es dauerte bis zur <strong data-start=\"1041\" data-end=\"1055\">42. Minute<\/strong>, ehe der eine spielentscheidende Moment kam:<br data-start=\"1100\" data-end=\"1103\" \/><strong data-start=\"1103\" data-end=\"1119\">Cenk Bulanik<\/strong> behauptete stark den Ball, <strong data-start=\"1147\" data-end=\"1164\">Enes Xhemajli<\/strong> schaltete schnell und flankte gef\u00e4hrlich in den Strafraum. Dort lauerte <strong data-start=\"1237\" data-end=\"1257\">Adrian Riedesser<\/strong> \u2013 der Kapit\u00e4n blieb eiskalt und schob \u00fcberlegt zum <strong data-start=\"1309\" data-end=\"1316\">1:0<\/strong> ein.<\/p>\n<p data-start=\"1022\" data-end=\"1402\">\u00a0<\/p>\n<h3 class=\"\" data-start=\"1409\" data-end=\"1454\">Die zweite H\u00e4lfte wird zur Abwehrschlacht<\/h3>\n<p class=\"\" data-start=\"1456\" data-end=\"1650\">Nach der Pause dr\u00e4ngten die G\u00e4ste zunehmend auf den Ausgleich \u2013 und der FV Bad Saulgau kam kaum noch zu Entlastung. Die Defensive hatte Schwerstarbeit zu leisten, und es wurde mehrfach brenzlig:<\/p>\n<ul data-start=\"1652\" data-end=\"2175\">\n<li class=\"\" data-start=\"1652\" data-end=\"1773\">\n<p class=\"\" data-start=\"1654\" data-end=\"1773\">In der <strong data-start=\"1661\" data-end=\"1675\">83. Minute<\/strong> donnerte <strong data-start=\"1685\" data-end=\"1699\">Berschauer<\/strong> den Ball per Volley an den Pfosten \u2013 das Gl\u00fcck war auf Saulgauer Seite.<\/p>\n<\/li>\n<li class=\"\" data-start=\"1774\" data-end=\"1975\">\n<p class=\"\" data-start=\"1776\" data-end=\"1975\">Nur vier Minuten sp\u00e4ter erzielte <strong data-start=\"1809\" data-end=\"1819\">Rundel<\/strong> per Kopf scheinbar den Ausgleich. Doch der Schiedsrichter entschied auf Abseits \u2013 eine <strong data-start=\"1907\" data-end=\"1933\">hoch umstrittene Szene<\/strong>, bei der der FVS sehr viel Gl\u00fcck hatte.<\/p>\n<\/li>\n<li class=\"\" data-start=\"1976\" data-end=\"2175\">\n<p class=\"\" data-start=\"1978\" data-end=\"2175\">In der <strong data-start=\"1985\" data-end=\"2002\">Nachspielzeit<\/strong> rollte Angriff um Angriff auf das FVS-Tor zu \u2013 <strong data-start=\"2050\" data-end=\"2073\">drei Ecken in Folge<\/strong>, zahlreiche Hereingaben, geblockte Sch\u00fcsse und beherzte Rettungsaktionen pr\u00e4gten die letzten Minuten.<\/p>\n<\/li>\n<\/ul>\n<p class=\"\" data-start=\"2177\" data-end=\"2294\">Mit vereinten Kr\u00e4ften verteidigte sich der FVS \u00fcber die Ziellinie \u2013 und konnte nach dem Abpfiff kollektiv durchatmen.<\/p>\n<p data-start=\"2177\" data-end=\"2294\">\u00a0<\/p>\n<h3 class=\"\" data-start=\"2301\" data-end=\"2380\">Fazit: Kein Glanz, aber Charakter \u2013 Unser FVS holt den dreckigen Derby-Dreier<\/h3>\n<p class=\"\" data-start=\"2382\" data-end=\"2737\"><strong data-start=\"2382\" data-end=\"2452\">Wir waren nicht die bessere Mannschaft \u2013 aber wir wollten den Sieg.<br \/><\/strong><br data-start=\"2452\" data-end=\"2455\" \/>In einem Spiel, das jederzeit h\u00e4tte kippen k\u00f6nnen, rettete der FV Bad Saulgau mit purer Leidenschaft und defensivem Zusammenhalt den knappen Vorsprung ins Ziel.<br data-start=\"2615\" data-end=\"2618\" \/><strong data-start=\"2618\" data-end=\"2737\">Es war ein dreckiger Sieg, ein harter Kampf \u2013 und genau die Art von Spiel, die du im Aufstiegskampf gewinnen musst.<\/strong><\/p>\n<p class=\"\" data-start=\"2739\" data-end=\"2843\">Ein <strong data-start=\"2743\" data-end=\"2763\">echter Kampfsieg<\/strong>, der mehr \u00fcber die Mentalit\u00e4t dieser Mannschaft aussagt als jedes Sch\u00fctzenfest.<br \/><br \/><\/p>\n<h3 class=\"\" data-start=\"2850\" data-end=\"2859\">Tore:<\/h3>\n<ul data-start=\"2860\" data-end=\"2892\">\n<li class=\"\" data-start=\"2860\" data-end=\"2892\">\n<p class=\"\" data-start=\"2862\" data-end=\"2892\"><strong data-start=\"2862\" data-end=\"2869\">1:0<\/strong> Adrian Riedesser (42.)<\/p>\n<\/li>\n<\/ul>\t\t\t\t\t\t\t\t<\/div>\n\t\t\t\t<\/div>\n\t\t\t\t<div class=\"elementor-element elementor-element-fe7b5f8 elementor-widget elementor-widget-text-editor\" data-id=\"fe7b5f8\" data-element_type=\"widget\" data-widget_type=\"text-editor.default\">\n\t\t\t\t<div class=\"elementor-widget-container\">\n\t\t\t\t\t\t\t\t\t<h3 data-start=\"2899\" data-end=\"2920\">\u00a0<\/h3>\n<h3 class=\"\" data-start=\"2899\" data-end=\"2920\">Besondere Szenen:<\/h3>\n<ul data-start=\"2921\" data-end=\"3174\">\n<li class=\"\" data-start=\"2921\" data-end=\"2987\">\n<p class=\"\" data-start=\"2923\" data-end=\"2987\"><strong data-start=\"2923\" data-end=\"2938\">83. Minute:<\/strong> Pfostentreffer der G\u00e4ste \u2013 Hauch von Ausgleich<\/p>\n<\/li>\n<li class=\"\" data-start=\"2988\" data-end=\"3083\">\n<p class=\"\" data-start=\"2990\" data-end=\"3083\"><strong data-start=\"2990\" data-end=\"3005\">87. Minute:<\/strong> Kopfballtor der G\u00e4ste \u2013 aberkannt wegen Abseits, <strong data-start=\"3055\" data-end=\"3081\">strittige Entscheidung<\/strong><\/p>\n<\/li>\n<li class=\"\" data-start=\"3084\" data-end=\"3174\">\n<p class=\"\" data-start=\"3086\" data-end=\"3174\"><strong data-start=\"3086\" data-end=\"3104\">90.+6 \u2013 90.+9:<\/strong> Eckball-Dauerfeuer auf das FVS-Tor, das Team wirft sich in alles rein<\/p>\n<\/li>\n<li data-start=\"3084\" data-end=\"3174\">\u00a0<\/li>\n<\/ul>\n<h3 class=\"\" data-start=\"3181\" data-end=\"3229\">Ausblick: Jetzt kommt das \u201cechte\u201d Stadtderby<\/h3>\n<p class=\"\" data-start=\"3231\" data-end=\"3566\">Am kommenden Sonntag wartet das, worauf alle schauen: <strong data-start=\"3285\" data-end=\"3338\">FV Bad Saulgau gegen den SC T\u00fcrkiyemspor Saulgau.<\/strong><br data-start=\"3338\" data-end=\"3341\" \/>Ein Spiel mit noch mehr Brisanz, noch mehr Emotionen. T\u00fcrkiyemspor hat Qualit\u00e4t, Wille und Derby-Mentalit\u00e4t \u2013 <strong data-start=\"3484\" data-end=\"3527\">es wird erneut ein Kampfsieg n\u00f6tig sein<\/strong>, wenn der FVS die Serie ausbauen will.<\/p>\t\t\t\t\t\t\t\t<\/div>\n\t\t\t\t<\/div>\n\t\t\t\t<\/div>\n\t\t\t\t<\/div>\n\t\t","protected":false},"excerpt":{"rendered":"<p>Mit einem 3:1-Erfolg beim SV Langenenslingen bleibt der FV Bad Saulgau weiter klar auf Aufstiegskurs. <\/p>\n<p>Kapit\u00e4n Adrian Riedesser traf bei seinem Comeback doppelt, Sebastian Schr\u00f6ter machte sp\u00e4t alles klar. Besonders hervorzuheben: Max Werner mit einer k\u00e4mpferischen Top-Leistung! Der FVS baut den Vorsprung an der Spitze auf 10 Punkte bei einem Spiel weniger aus.<\/p>\n","protected":false},"author":1,"featured_media":6214,"comment_status":"open","ping_status":"open","sticky":false,"template":"","format":"standard","meta":{"_acf_changed":false,"footnotes":""},"categories":[75],"tags":[],"sponsor":[],"class_list":["post-6208","post","type-post","status-publish","format-standard","has-post-thumbnail","hentry","category-spielbericht"],"acf":[],"_links":{"self":[{"href":"https:\/\/fvbadsaulgau.de\/index.php\/wp-json\/wp\/v2\/posts\/6208","targetHints":{"allow":["GET"]}}],"collection":[{"href":"https:\/\/fvbadsaulgau.de\/index.php\/wp-json\/wp\/v2\/posts"}],"about":[{"href":"https:\/\/fvbadsaulgau.de\/index.php\/wp-json\/wp\/v2\/types\/post"}],"author":[{"embeddable":true,"href":"https:\/\/fvbadsaulgau.de\/index.php\/wp-json\/wp\/v2\/users\/1"}],"replies":[{"embeddable":true,"href":"https:\/\/fvbadsaulgau.de\/index.php\/wp-json\/wp\/v2\/comments?post=6208"}],"version-history":[{"count":10,"href":"https:\/\/fvbadsaulgau.de\/index.php\/wp-json\/wp\/v2\/posts\/6208\/revisions"}],"predecessor-version":[{"id":6222,"href":"https:\/\/fvbadsaulgau.de\/index.php\/wp-json\/wp\/v2\/posts\/6208\/revisions\/6222"}],"wp:featuredmedia":[{"embeddable":true,"href":"https:\/\/fvbadsaulgau.de\/index.php\/wp-json\/wp\/v2\/media\/6214"}],"wp:attachment":[{"href":"https:\/\/fvbadsaulgau.de\/index.php\/wp-json\/wp\/v2\/media?parent=6208"}],"wp:term":[{"taxonomy":"category","embeddable":true,"href":"https:\/\/fvbadsaulgau.de\/index.php\/wp-json\/wp\/v2\/categories?post=6208"},{"taxonomy":"post_tag","embeddable":true,"href":"https:\/\/fvbadsaulgau.de\/index.php\/wp-json\/wp\/v2\/tags?post=6208"},{"taxonomy":"sponsor","embeddable":true,"href":"https:\/\/fvbadsaulgau.de\/index.php\/wp-json\/wp\/v2\/sponsor?post=6208"}],"curies":[{"name":"wp","href":"https:\/\/api.w.org\/{rel}","templated":true}]}}