{"id":5904,"date":"2025-03-13T11:08:58","date_gmt":"2025-03-13T10:08:58","guid":{"rendered":"https:\/\/fvbadsaulgau.de\/wir-haben-bock-auf-mehr-copy\/"},"modified":"2025-03-13T11:55:57","modified_gmt":"2025-03-13T10:55:57","slug":"ein-starkes-team-eine-starke-entwicklung","status":"publish","type":"post","link":"https:\/\/fvbadsaulgau.de\/index.php\/ein-starkes-team-eine-starke-entwicklung\/","title":{"rendered":"Ein starkes Team, eine starke Entwicklung"},"content":{"rendered":"\t\t<div data-elementor-type=\"wp-post\" data-elementor-id=\"5904\" class=\"elementor elementor-5904\" data-elementor-post-type=\"post\">\n\t\t\t\t<div class=\"elementor-element elementor-element-a5836fc e-con-full e-flex e-con e-parent\" data-id=\"a5836fc\" data-element_type=\"container\">\n\t\t\t\t<div class=\"elementor-element elementor-element-7259e77 elementor-widget elementor-widget-image\" data-id=\"7259e77\" data-element_type=\"widget\" data-widget_type=\"image.default\">\n\t\t\t\t<div class=\"elementor-widget-container\">\n\t\t\t\t\t\t\t\t\t\t\t\t\t\t\t<img fetchpriority=\"high\" decoding=\"async\" width=\"2400\" height=\"750\" src=\"https:\/\/fvbadsaulgau.de\/wp-content\/uploads\/2024\/02\/BolzBlatt-Header.jpg\" class=\"attachment-full size-full wp-image-3467\" alt=\"\" srcset=\"https:\/\/fvbadsaulgau.de\/wp-content\/uploads\/2024\/02\/BolzBlatt-Header.jpg 2400w, https:\/\/fvbadsaulgau.de\/wp-content\/uploads\/2024\/02\/BolzBlatt-Header-300x94.jpg 300w, https:\/\/fvbadsaulgau.de\/wp-content\/uploads\/2024\/02\/BolzBlatt-Header-1024x320.jpg 1024w, https:\/\/fvbadsaulgau.de\/wp-content\/uploads\/2024\/02\/BolzBlatt-Header-768x240.jpg 768w, https:\/\/fvbadsaulgau.de\/wp-content\/uploads\/2024\/02\/BolzBlatt-Header-1536x480.jpg 1536w, https:\/\/fvbadsaulgau.de\/wp-content\/uploads\/2024\/02\/BolzBlatt-Header-2048x640.jpg 2048w\" sizes=\"(max-width: 2400px) 100vw, 2400px\" \/>\t\t\t\t\t\t\t\t\t\t\t\t\t\t\t<\/div>\n\t\t\t\t<\/div>\n\t\t\t\t<\/div>\n\t\t<div class=\"elementor-element elementor-element-49919c7f e-flex e-con-boxed e-con e-parent\" data-id=\"49919c7f\" data-element_type=\"container\">\n\t\t\t\t\t<div class=\"e-con-inner\">\n\t\t\t\t<div class=\"elementor-element elementor-element-f5c7cde elementor-widget elementor-widget-spacer\" data-id=\"f5c7cde\" data-element_type=\"widget\" data-widget_type=\"spacer.default\">\n\t\t\t\t<div class=\"elementor-widget-container\">\n\t\t\t\t\t\t\t<div class=\"elementor-spacer\">\n\t\t\t<div class=\"elementor-spacer-inner\"><\/div>\n\t\t<\/div>\n\t\t\t\t\t\t<\/div>\n\t\t\t\t<\/div>\n\t\t\t\t<div class=\"elementor-element elementor-element-b5820bd elementor-widget elementor-widget-text-editor\" data-id=\"b5820bd\" data-element_type=\"widget\" data-widget_type=\"text-editor.default\">\n\t\t\t\t<div class=\"elementor-widget-container\">\n\t\t\t\t\t\t\t\t\t<p style=\"text-align: center;\">Matthias Bayer: Der Weg des FV Bad Saulgau und die Rolle eines starken Sponsors<\/p>\t\t\t\t\t\t\t\t<\/div>\n\t\t\t\t<\/div>\n\t\t\t\t<div class=\"elementor-element elementor-element-aa9bbf5 elementor-widget elementor-widget-spacer\" data-id=\"aa9bbf5\" data-element_type=\"widget\" data-widget_type=\"spacer.default\">\n\t\t\t\t<div class=\"elementor-widget-container\">\n\t\t\t\t\t\t\t<div class=\"elementor-spacer\">\n\t\t\t<div class=\"elementor-spacer-inner\"><\/div>\n\t\t<\/div>\n\t\t\t\t\t\t<\/div>\n\t\t\t\t<\/div>\n\t\t\t\t<div class=\"elementor-element elementor-element-e8ea5f0 elementor-widget elementor-widget-heading\" data-id=\"e8ea5f0\" data-element_type=\"widget\" data-widget_type=\"heading.default\">\n\t\t\t\t<div class=\"elementor-widget-container\">\n\t\t\t\t\t<h1 class=\"elementor-heading-title elementor-size-default\">\u201eIch denke, die Mannschaft merkt, dass wir ehrlich zu ihnen sind und sie uns vertrauen k\u00f6nnen\"<\/h1>\t\t\t\t<\/div>\n\t\t\t\t<\/div>\n\t\t<div class=\"elementor-element elementor-element-8a7ab09 e-grid e-con-boxed e-con e-child\" data-id=\"8a7ab09\" data-element_type=\"container\">\n\t\t\t\t\t<div class=\"e-con-inner\">\n\t\t\t\t<div class=\"elementor-element elementor-element-5933413 elementor-widget elementor-widget-image\" data-id=\"5933413\" data-element_type=\"widget\" data-widget_type=\"image.default\">\n\t\t\t\t<div class=\"elementor-widget-container\">\n\t\t\t\t\t\t\t\t\t\t\t\t\t\t\t<img decoding=\"async\" width=\"800\" height=\"800\" src=\"https:\/\/fvbadsaulgau.de\/wp-content\/uploads\/2024\/01\/Matthias-Bayer-1024x1024.png\" class=\"attachment-large size-large wp-image-2419\" alt=\"\" srcset=\"https:\/\/fvbadsaulgau.de\/wp-content\/uploads\/2024\/01\/Matthias-Bayer-1024x1024.png 1024w, https:\/\/fvbadsaulgau.de\/wp-content\/uploads\/2024\/01\/Matthias-Bayer-300x300.png 300w, https:\/\/fvbadsaulgau.de\/wp-content\/uploads\/2024\/01\/Matthias-Bayer-150x150.png 150w, https:\/\/fvbadsaulgau.de\/wp-content\/uploads\/2024\/01\/Matthias-Bayer-768x768.png 768w, https:\/\/fvbadsaulgau.de\/wp-content\/uploads\/2024\/01\/Matthias-Bayer-600x600.png 600w, https:\/\/fvbadsaulgau.de\/wp-content\/uploads\/2024\/01\/Matthias-Bayer.png 1215w\" sizes=\"(max-width: 800px) 100vw, 800px\" \/>\t\t\t\t\t\t\t\t\t\t\t\t\t\t\t<\/div>\n\t\t\t\t<\/div>\n\t\t\t\t<div class=\"elementor-element elementor-element-2a8b8a5 elementor-widget elementor-widget-text-editor\" data-id=\"2a8b8a5\" data-element_type=\"widget\" data-widget_type=\"text-editor.default\">\n\t\t\t\t<div class=\"elementor-widget-container\">\n\t\t\t\t\t\t\t\t\t<p><strong>Wenn jemand f\u00fcr den FV Bad Saulgau brennt, dann Matthias Bayer. Als 2. Vorstand und Trikotsponsor mit seiner Regionaldirektion der Deutschen Verm\u00f6gensberatung ist er tief im Verein verwurzelt<\/strong><\/p><p>\u00a0<\/p><p>\u2013 und das nicht erst seit gestern. Im Interview spricht Matze \u00fcber seine Verbundenheit zum FVS, die sportliche Entwicklung und die Bedeutung eines starken Sponsorings.<\/p>\t\t\t\t\t\t\t\t<\/div>\n\t\t\t\t<\/div>\n\t\t\t\t\t<\/div>\n\t\t\t\t<\/div>\n\t\t\t\t<div class=\"elementor-element elementor-element-bfeebe4 elementor-blockquote--skin-boxed elementor-blockquote--button-color-official elementor-widget elementor-widget-blockquote\" data-id=\"bfeebe4\" data-element_type=\"widget\" data-widget_type=\"blockquote.default\">\n\t\t\t\t<div class=\"elementor-widget-container\">\n\t\t\t\t\t\t\t<blockquote class=\"elementor-blockquote\">\n\t\t\t<p class=\"elementor-blockquote__content\">\n\t\t\t\t\u201eDer FVS bedeutet mir logischerweise sehr viel\u201c\t\t\t<\/p>\n\t\t\t\t\t<\/blockquote>\n\t\t\t\t\t\t<\/div>\n\t\t\t\t<\/div>\n\t\t\t\t<div class=\"elementor-element elementor-element-c842457 elementor-widget elementor-widget-text-editor\" data-id=\"c842457\" data-element_type=\"widget\" data-widget_type=\"text-editor.default\">\n\t\t\t\t<div class=\"elementor-widget-container\">\n\t\t\t\t\t\t\t\t\t<p>Der FV Bad Saulgau ist f\u00fcr Matze mehr als nur ein Verein \u2013 es ist eine Herzensangelegenheit. Er hat hier das Fu\u00dfballspielen gelernt, Freundschaften f\u00fcrs Leben geschlossen und durfte sogar mit einem sp\u00e4teren Weltstar kicken. \u201eSpeziell nat\u00fcrlich auch die zwei Jahre, in denen ich mit Mario Gomez zusammen spielen durfte. Davon erz\u00e4hle ich noch heute \ud83d\ude09.\u201c Doch seine Rolle ist l\u00e4ngst \u00fcber das Spielerische hinausgewachsen. \u201eWenn mir der FVS nicht viel bedeuten w\u00fcrde, h\u00e4tte ich den Posten als 2. Vorstand vor ca. zwei Jahren sicher nicht angenommen.\u201c<\/p>\t\t\t\t\t\t\t\t<\/div>\n\t\t\t\t<\/div>\n\t\t\t\t<div class=\"elementor-element elementor-element-4d6e61f2 elementor-widget elementor-widget-text-editor\" data-id=\"4d6e61f2\" data-element_type=\"widget\" data-widget_type=\"text-editor.default\">\n\t\t\t\t<div class=\"elementor-widget-container\">\n\t\t\t\t\t\t\t\t\t<p><strong>Ein starkes Team, eine starke Entwicklung<\/strong><\/p><p>Die Mannschaft spielt eine herausragende Saison und begeistert nicht nur die Fans, sondern auch die Vereinsf\u00fchrung. \u201eDie Vorrunde war wirklich sehr gut. Bis auf das Spiel gegen Ostrach waren wir in nahezu jedem Spiel die bessere Mannschaft und haben verdient gewonnen.\u201c Besonders beeindruckt ihn, wie sich der Verein als Ganzes weiterentwickelt. \u201eViele Spieler sind vor der Saison auf uns zugekommen, weil sie bei uns spielen wollten. Das liegt sicherlich mit an Jogy, unserem ersten Vorstand, aber auch daran, dass wir eine ordentliche R\u00fcckrunde 2023\/2024 gespielt haben und das Trainerteam ein gro\u00dfes Potenzial hat.\u201c<\/p><p>Doch nicht nur auf dem Platz l\u00e4uft es gut, auch hinter den Kulissen w\u00e4chst der FV Bad Saulgau weiter. \u201eIn der Vorstandschaft wird endlich an einem Strang gezogen, und zumindest was die Aktiven angeht, ist endlich wieder Ruhe eingekehrt.\u201c<\/p><p><strong>Der Aufstieg? Die Basis ist gelegt!<\/strong><\/p><p>Der Aufstieg ist greifbar, doch Matze wei\u00df, dass noch harte Arbeit vor der Mannschaft liegt. \u201eWir haben einen ordentlichen Punktevorsprung und ein top Torverh\u00e4ltnis. Logischerweise sind die Voraussetzungen f\u00fcr den Aufstieg gegeben.\u201c Entscheidend seien jetzt die ersten Spiele der R\u00fcckrunde. \u201eWir m\u00fcssen der Konkurrenz zeigen, dass wir den Tabellenplatz verteidigen wollen \u2013 komme, was wolle!\u201c<\/p><p><strong>Sponsoring: Mehr als nur ein Logo auf dem Trikot<\/strong><\/p><p>Als Trikotsponsor tr\u00e4gt Matze nicht nur finanziell zur Entwicklung des Vereins bei, sondern lebt sein Engagement auch aktiv. \u201eSponsoring muss aus meiner Sicht eine langfristig angelegte Partnerschaft sein. Spieler, Vorstandschaft und das gesamte Umfeld des Vereins m\u00fcssen wissen, dass der Sponsor zuverl\u00e4ssig ist und auch, wenn\u2019s mal schlecht l\u00e4uft, zum Verein steht.\u201c<\/p><p>Auch der pers\u00f6nliche Kontakt ist entscheidend. \u201eEs ist f\u00f6rderlich, wenn Sponsoren regelm\u00e4\u00dfig zu den Spielen kommen, damit man ein Gesicht zur Bandenwerbung oder zum Plakat hat. Die Interaktion bringt also am ehesten den Erfolg eines Sponsorings.\u201c<\/p><p>Und wie f\u00fchlt es sich an, wenn die Mannschaft in seinen Trikots aufl\u00e4uft? \u201eAuch das bedeutet mir sehr viel, sonst h\u00e4tte ich das nicht gemacht. Und wie ich finde, die Trikots sind uns doch sehr gut gelungen \ud83d\ude09.\u201c<\/p><p><strong>Was macht unser Team so stark?<\/strong><\/p><p>Auf dem Platz zeigt sich die Qualit\u00e4t des Teams nicht nur spielerisch, sondern auch mental. \u201eEs gab in der Vorrunde kaum ein Spiel, in dem wir nicht in irgendeiner Form eine Antwort hatten. Lief\u2019s mal spielerisch nicht so prickelnd, weil zum Beispiel der Platz ein Kartoffelacker war, hat man gek\u00e4mpft oder direkte Freist\u00f6\u00dfe verwandelt.\u201c Besonders die Derbys gegen die Umlandvereine seien ein Beweis f\u00fcr die Abgekl\u00e4rtheit des Teams.<\/p><p>Doch trotz der Erfolge gibt es noch Luft nach oben. \u201ePotential haben wir auf jeden Fall noch in der Chancenverwertung. Da waren doch einige hochprozentige Chancen dabei, die wir nicht genutzt haben.\u201c<\/p><p><strong>Ein Verein w\u00e4chst nicht nur durch Siege<\/strong><\/p><p>Die sportliche Entwicklung ist das eine, aber auch die Strukturen im Verein m\u00fcssen mitwachsen. \u201eDas ist mindestens genauso wichtig wie der sportliche Erfolg und geht nahezu immer Hand in Hand.\u201c Besonders der Zusammenhalt in der Vorstandschaft habe dabei eine gro\u00dfe Rolle gespielt. \u201eWir haben in unserer schweren Anfangszeit immer zusammengehalten, zumindest die, die jetzt immer noch da sind. Das war einer der Schl\u00fcssel, warum wir bei den Aktiven in ein ruhiges und erfolgreiches Fahrwasser gekommen sind.\u201c<\/p><p>Die Kontinuit\u00e4t im Verein sei essenziell. \u201eNat\u00fcrlich h\u00e4ngt auch ganz viel an den Trainern, die einen starken Job machen, und an den Spielern, die eine tolle Vorrunde gespielt haben. Wenn wir das die n\u00e4chsten Jahre so beibehalten, werden wir unseren FVS noch weiter nach vorne bringen.\u201c<\/p><p><strong>Ein Verein, der verbindet<\/strong><\/p><p>In der Vergangenheit gab es Phasen, in denen die Verbindung zwischen Mannschaft und Verein nicht so stark war wie heute. Doch das hat sich ge\u00e4ndert. \u201eIch denke, die Mannschaft merkt, dass wir ehrlich zu ihnen sind und sie uns vertrauen k\u00f6nnen. Das ist das A und O, damit die Truppe hinter unserem FVS steht.\u201c<\/p><p>Die Vision f\u00fcr die Zukunft ist klar: <strong>Der FV Bad Saulgau soll als top gef\u00fchrter Verein wahrgenommen werden und die erste Anlaufstelle f\u00fcr junge Talente sein.<\/strong> \u201eDie Leute sollen \u00fcber uns <br \/>sagen: Ja, das ist ein top Verein mit Perspektive.\u201c<\/p><p><strong>Wie endet die Saison?<\/strong><\/p><p>Matze hat eine klare Einsch\u00e4tzung: \u201eIch sage, wenn wir in den ersten sechs Spielen mindestens 14 Punkte holen, werden wir auf Tabellenplatz 1 landen.\u201c<\/p><p>Die Basis f\u00fcr eine erfolgreiche R\u00fcckrunde ist gelegt \u2013 jetzt liegt es an der Mannschaft, den n\u00e4chsten Schritt zu machen.<\/p><p><strong>Eines ist sicher: Der FV Bad Saulgau ist bereit f\u00fcr mehr!<\/strong><\/p>\t\t\t\t\t\t\t\t<\/div>\n\t\t\t\t<\/div>\n\t\t\t\t<div class=\"elementor-element elementor-element-67859ed elementor-widget-divider--view-line elementor-widget elementor-widget-divider\" data-id=\"67859ed\" data-element_type=\"widget\" data-widget_type=\"divider.default\">\n\t\t\t\t<div class=\"elementor-widget-container\">\n\t\t\t\t\t\t\t<div class=\"elementor-divider\">\n\t\t\t<span class=\"elementor-divider-separator\">\n\t\t\t\t\t\t<\/span>\n\t\t<\/div>\n\t\t\t\t\t\t<\/div>\n\t\t\t\t<\/div>\n\t\t\t\t\t<\/div>\n\t\t\t\t<\/div>\n\t\t<div class=\"elementor-element elementor-element-1b84b45 e-flex e-con-boxed e-con e-parent\" data-id=\"1b84b45\" data-element_type=\"container\" data-settings=\"{&quot;background_background&quot;:&quot;classic&quot;}\">\n\t\t\t\t\t<div class=\"e-con-inner\">\n\t\t\t\t<div class=\"elementor-element elementor-element-d2f02e5 elementor-widget elementor-widget-heading\" data-id=\"d2f02e5\" data-element_type=\"widget\" data-widget_type=\"heading.default\">\n\t\t\t\t<div class=\"elementor-widget-container\">\n\t\t\t\t\t<h3 class=\"elementor-heading-title elementor-size-default\">Sponsor AD<\/h3>\t\t\t\t<\/div>\n\t\t\t\t<\/div>\n\t\t\t\t\t<\/div>\n\t\t\t\t<\/div>\n\t\t<div class=\"elementor-element elementor-element-faddd9e e-grid e-con-boxed e-con e-parent\" data-id=\"faddd9e\" data-element_type=\"container\" data-settings=\"{&quot;background_background&quot;:&quot;classic&quot;}\">\n\t\t\t\t\t<div class=\"e-con-inner\">\n\t\t<div class=\"elementor-element elementor-element-3fc659d e-con-full e-flex e-con e-child\" data-id=\"3fc659d\" data-element_type=\"container\" data-settings=\"{&quot;background_background&quot;:&quot;slideshow&quot;,&quot;background_slideshow_gallery&quot;:[{&quot;id&quot;:1909,&quot;url&quot;:&quot;http:\\\/\\\/fvbadsaulgau.de\\\/wp-content\\\/uploads\\\/2024\\\/01\\\/LOGO-DVAG.png&quot;}],&quot;background_slideshow_loop&quot;:&quot;yes&quot;,&quot;background_slideshow_slide_duration&quot;:5000,&quot;background_slideshow_slide_transition&quot;:&quot;fade&quot;,&quot;background_slideshow_transition_duration&quot;:500}\">\n\t\t\t\t<\/div>\n\t\t<div class=\"elementor-element elementor-element-28242aea e-con-full e-flex e-con e-child\" data-id=\"28242aea\" data-element_type=\"container\" data-settings=\"{&quot;background_background&quot;:&quot;classic&quot;}\">\n\t\t\t\t<div class=\"elementor-element elementor-element-72f4ba1e elementor-widget elementor-widget-heading\" data-id=\"72f4ba1e\" data-element_type=\"widget\" data-widget_type=\"heading.default\">\n\t\t\t\t<div class=\"elementor-widget-container\">\n\t\t\t\t\t<h3 class=\"elementor-heading-title elementor-size-default\">Mit mir haben Sie einen Coach f\u00fcr alle Finanzfragen an Ihrer Seite. Ganz gleich, wie viel Sie verdienen<\/h3>\t\t\t\t<\/div>\n\t\t\t\t<\/div>\n\t\t\t\t<div class=\"elementor-element elementor-element-2294aaf5 elementor-tablet-align-center elementor-mobile-align-left elementor-widget elementor-widget-button\" data-id=\"2294aaf5\" data-element_type=\"widget\" data-widget_type=\"button.default\">\n\t\t\t\t<div class=\"elementor-widget-container\">\n\t\t\t\t\t\t\t\t\t<div class=\"elementor-button-wrapper\">\n\t\t\t\t\t<a class=\"elementor-button elementor-button-link elementor-size-sm\" href=\"https:\/\/www.dvag.de\/bayer.matthias\/index.html\">\n\t\t\t\t\t\t<span class=\"elementor-button-content-wrapper\">\n\t\t\t\t\t\t\t\t\t<span class=\"elementor-button-text\">Mehr zu unserem Partner <\/span>\n\t\t\t\t\t<\/span>\n\t\t\t\t\t<\/a>\n\t\t\t\t<\/div>\n\t\t\t\t\t\t\t\t<\/div>\n\t\t\t\t<\/div>\n\t\t\t\t<\/div>\n\t\t\t\t\t<\/div>\n\t\t\t\t<\/div>\n\t\t\t\t<\/div>\n\t\t","protected":false},"excerpt":{"rendered":"<p>Ein starkes Team, eine starke Entwicklung<\/p>\n<p>\u201eViele Spieler sind vor der Saison auf uns zugekommen, weil sie bei uns spielen wollten. Das liegt sicherlich mit an Jogy, unserem ersten Vorstand, aber auch daran, dass wir eine ordentliche R\u00fcckrunde 2023\/2024 gespielt haben und das Trainerteam ein gro\u00dfes Potenzial hat.\u201c<\/p>\n","protected":false},"author":1,"featured_media":5925,"comment_status":"open","ping_status":"open","sticky":false,"template":"","format":"standard","meta":{"_acf_changed":false,"footnotes":""},"categories":[66],"tags":[],"sponsor":[],"class_list":["post-5904","post","type-post","status-publish","format-standard","has-post-thumbnail","hentry","category-news"],"acf":[],"_links":{"self":[{"href":"https:\/\/fvbadsaulgau.de\/index.php\/wp-json\/wp\/v2\/posts\/5904","targetHints":{"allow":["GET"]}}],"collection":[{"href":"https:\/\/fvbadsaulgau.de\/index.php\/wp-json\/wp\/v2\/posts"}],"about":[{"href":"https:\/\/fvbadsaulgau.de\/index.php\/wp-json\/wp\/v2\/types\/post"}],"author":[{"embeddable":true,"href":"https:\/\/fvbadsaulgau.de\/index.php\/wp-json\/wp\/v2\/users\/1"}],"replies":[{"embeddable":true,"href":"https:\/\/fvbadsaulgau.de\/index.php\/wp-json\/wp\/v2\/comments?post=5904"}],"version-history":[{"count":10,"href":"https:\/\/fvbadsaulgau.de\/index.php\/wp-json\/wp\/v2\/posts\/5904\/revisions"}],"predecessor-version":[{"id":5949,"href":"https:\/\/fvbadsaulgau.de\/index.php\/wp-json\/wp\/v2\/posts\/5904\/revisions\/5949"}],"wp:featuredmedia":[{"embeddable":true,"href":"https:\/\/fvbadsaulgau.de\/index.php\/wp-json\/wp\/v2\/media\/5925"}],"wp:attachment":[{"href":"https:\/\/fvbadsaulgau.de\/index.php\/wp-json\/wp\/v2\/media?parent=5904"}],"wp:term":[{"taxonomy":"category","embeddable":true,"href":"https:\/\/fvbadsaulgau.de\/index.php\/wp-json\/wp\/v2\/categories?post=5904"},{"taxonomy":"post_tag","embeddable":true,"href":"https:\/\/fvbadsaulgau.de\/index.php\/wp-json\/wp\/v2\/tags?post=5904"},{"taxonomy":"sponsor","embeddable":true,"href":"https:\/\/fvbadsaulgau.de\/index.php\/wp-json\/wp\/v2\/sponsor?post=5904"}],"curies":[{"name":"wp","href":"https:\/\/api.w.org\/{rel}","templated":true}]}}