{"id":5786,"date":"2025-03-09T16:49:11","date_gmt":"2025-03-09T15:49:11","guid":{"rendered":"https:\/\/fvbadsaulgau.de\/wir-haben-bock-auf-mehr-copy\/"},"modified":"2025-03-09T17:52:15","modified_gmt":"2025-03-09T16:52:15","slug":"jugendturnier-2025","status":"publish","type":"post","link":"https:\/\/fvbadsaulgau.de\/index.php\/jugendturnier-2025\/","title":{"rendered":"Kinderlachen, Jubelschreie und pure Fu\u00dfballfreude"},"content":{"rendered":"\t\t<div data-elementor-type=\"wp-post\" data-elementor-id=\"5786\" class=\"elementor elementor-5786\" data-elementor-post-type=\"post\">\n\t\t\t\t<div class=\"elementor-element elementor-element-ccd6e84 e-con-full e-flex e-con e-parent\" data-id=\"ccd6e84\" data-element_type=\"container\">\n\t\t\t\t<div class=\"elementor-element elementor-element-627b0a7 elementor-widget elementor-widget-image\" data-id=\"627b0a7\" data-element_type=\"widget\" data-widget_type=\"image.default\">\n\t\t\t\t<div class=\"elementor-widget-container\">\n\t\t\t\t\t\t\t\t\t\t\t\t\t\t\t<img fetchpriority=\"high\" decoding=\"async\" width=\"1725\" height=\"575\" src=\"https:\/\/fvbadsaulgau.de\/wp-content\/uploads\/2025\/03\/Banner-Jugendturnier.png\" class=\"attachment-full size-full wp-image-5788\" alt=\"\" srcset=\"https:\/\/fvbadsaulgau.de\/wp-content\/uploads\/2025\/03\/Banner-Jugendturnier.png 1725w, https:\/\/fvbadsaulgau.de\/wp-content\/uploads\/2025\/03\/Banner-Jugendturnier-300x100.png 300w, https:\/\/fvbadsaulgau.de\/wp-content\/uploads\/2025\/03\/Banner-Jugendturnier-1024x341.png 1024w, https:\/\/fvbadsaulgau.de\/wp-content\/uploads\/2025\/03\/Banner-Jugendturnier-768x256.png 768w, https:\/\/fvbadsaulgau.de\/wp-content\/uploads\/2025\/03\/Banner-Jugendturnier-1536x512.png 1536w\" sizes=\"(max-width: 1725px) 100vw, 1725px\" \/>\t\t\t\t\t\t\t\t\t\t\t\t\t\t\t<\/div>\n\t\t\t\t<\/div>\n\t\t\t\t<\/div>\n\t\t<div class=\"elementor-element elementor-element-49919c7f e-flex e-con-boxed e-con e-parent\" data-id=\"49919c7f\" data-element_type=\"container\">\n\t\t\t\t\t<div class=\"e-con-inner\">\n\t\t\t\t<div class=\"elementor-element elementor-element-f5c7cde elementor-widget elementor-widget-spacer\" data-id=\"f5c7cde\" data-element_type=\"widget\" data-widget_type=\"spacer.default\">\n\t\t\t\t<div class=\"elementor-widget-container\">\n\t\t\t\t\t\t\t<div class=\"elementor-spacer\">\n\t\t\t<div class=\"elementor-spacer-inner\"><\/div>\n\t\t<\/div>\n\t\t\t\t\t\t<\/div>\n\t\t\t\t<\/div>\n\t\t\t\t<div class=\"elementor-element elementor-element-e8ea5f0 elementor-widget elementor-widget-heading\" data-id=\"e8ea5f0\" data-element_type=\"widget\" data-widget_type=\"heading.default\">\n\t\t\t\t<div class=\"elementor-widget-container\">\n\t\t\t\t\t<h1 class=\"elementor-heading-title elementor-size-default\">Gro\u00dfes Jugendturnier in Bad Saulgau <\/h1>\t\t\t\t<\/div>\n\t\t\t\t<\/div>\n\t\t\t\t<div class=\"elementor-element elementor-element-b5820bd elementor-widget elementor-widget-text-editor\" data-id=\"b5820bd\" data-element_type=\"widget\" data-widget_type=\"text-editor.default\">\n\t\t\t\t<div class=\"elementor-widget-container\">\n\t\t\t\t\t\t\t\t\t<p style=\"text-align: center;\">Der Nachwuchs im Mittelpunkt!<\/p>\t\t\t\t\t\t\t\t<\/div>\n\t\t\t\t<\/div>\n\t\t\t\t<div class=\"elementor-element elementor-element-454f7a6 elementor-widget elementor-widget-text-editor\" data-id=\"454f7a6\" data-element_type=\"widget\" data-widget_type=\"text-editor.default\">\n\t\t\t\t<div class=\"elementor-widget-container\">\n\t\t\t\t\t\t\t\t\t<p data-start=\"171\" data-end=\"213\">Liebe Fu\u00dfballfreunde, Fans und Familien,<\/p><p data-start=\"215\" data-end=\"499\">es ist wieder soweit \u2013 am 28. und 29. Juni 2025 verwandelt sich das Sportgel\u00e4nde am Birkenweg in Bad Saulgau in einen echten Fu\u00dfball-Hexenkessel! Unser gro\u00dfes Jugendturnier steht an, und auch in diesem Jahr d\u00fcrfen wir wieder zahlreiche Top-Teams aus der Region begr\u00fc\u00dfen.<br \/><br \/><\/p><p data-start=\"501\" data-end=\"578\"><strong>\ud83d\udd25 Vier Altersklassen \u2013 ein Ziel: Pure Leidenschaft f\u00fcr den Fu\u00dfball! \ud83d\udd25<br \/><br \/><\/strong><\/p><p data-start=\"580\" data-end=\"1033\">Insgesamt k\u00e4mpfen \u00fcber 40 Mannschaften in vier Altersklassen um den Turniersieg. Ob C-Junioren, D-Junioren, E-Junioren oder F-Junioren \u2013 bei unserem Turnier steht der Spa\u00df am Fu\u00dfball, der Teamgeist und die pure Freude am Kicken im Mittelpunkt. Die jungen Talente aus ganz Oberschwaben und dar\u00fcber hinaus zeigen, was sie draufhaben, und die Zuschauer d\u00fcrfen sich auf spannende Duelle, viele Tore und jede Menge G\u00e4nsehaut-Momente freuen!<\/p>\t\t\t\t\t\t\t\t<\/div>\n\t\t\t\t<\/div>\n\t\t\t\t<div class=\"elementor-element elementor-element-0284a7d elementor-blockquote--skin-quotation elementor-blockquote--align-left elementor-blockquote--button-color-official elementor-widget elementor-widget-blockquote\" data-id=\"0284a7d\" data-element_type=\"widget\" data-widget_type=\"blockquote.default\">\n\t\t\t\t<div class=\"elementor-widget-container\">\n\t\t\t\t\t\t\t<blockquote class=\"elementor-blockquote\">\n\t\t\t<p class=\"elementor-blockquote__content\">\n\t\t\t\tHier z\u00e4hlen nicht nur Tore und Siege, sondern vor allem die strahlenden Augen der Kinder, die pure Freude am Fu\u00dfball und der Teamgeist, der auf und neben dem Platz zu sp\u00fcren ist. Egal ob erste Turniererfahrungen, packende Spiele oder der Stolz, das eigene Trikot zu tragen \u2013 dieses Turnier ist f\u00fcr die Kids ein echtes Highlight.\t\t\t<\/p>\n\t\t\t\t\t<\/blockquote>\n\t\t\t\t\t\t<\/div>\n\t\t\t\t<\/div>\n\t\t\t\t<div class=\"elementor-element elementor-element-aa9bbf5 elementor-widget elementor-widget-spacer\" data-id=\"aa9bbf5\" data-element_type=\"widget\" data-widget_type=\"spacer.default\">\n\t\t\t\t<div class=\"elementor-widget-container\">\n\t\t\t\t\t\t\t<div class=\"elementor-spacer\">\n\t\t\t<div class=\"elementor-spacer-inner\"><\/div>\n\t\t<\/div>\n\t\t\t\t\t\t<\/div>\n\t\t\t\t<\/div>\n\t\t<div class=\"elementor-element elementor-element-8a7ab09 e-grid e-con-boxed e-con e-child\" data-id=\"8a7ab09\" data-element_type=\"container\" data-settings=\"{&quot;background_background&quot;:&quot;classic&quot;}\">\n\t\t\t\t\t<div class=\"e-con-inner\">\n\t\t\t\t<div class=\"elementor-element elementor-element-5933413 elementor-widget elementor-widget-image\" data-id=\"5933413\" data-element_type=\"widget\" data-widget_type=\"image.default\">\n\t\t\t\t<div class=\"elementor-widget-container\">\n\t\t\t\t\t\t\t\t\t\t\t\t<figure class=\"wp-caption\">\n\t\t\t\t\t\t\t\t\t\t<img decoding=\"async\" width=\"800\" height=\"800\" src=\"https:\/\/fvbadsaulgau.de\/wp-content\/uploads\/2024\/01\/Holger-Beutel-1-1024x1024.jpg\" class=\"attachment-large size-large wp-image-2421\" alt=\"\" srcset=\"https:\/\/fvbadsaulgau.de\/wp-content\/uploads\/2024\/01\/Holger-Beutel-1-1024x1024.jpg 1024w, https:\/\/fvbadsaulgau.de\/wp-content\/uploads\/2024\/01\/Holger-Beutel-1-300x300.jpg 300w, https:\/\/fvbadsaulgau.de\/wp-content\/uploads\/2024\/01\/Holger-Beutel-1-150x150.jpg 150w, https:\/\/fvbadsaulgau.de\/wp-content\/uploads\/2024\/01\/Holger-Beutel-1-768x768.jpg 768w, https:\/\/fvbadsaulgau.de\/wp-content\/uploads\/2024\/01\/Holger-Beutel-1-600x600.jpg 600w, https:\/\/fvbadsaulgau.de\/wp-content\/uploads\/2024\/01\/Holger-Beutel-1.jpg 1080w\" sizes=\"(max-width: 800px) 100vw, 800px\" \/>\t\t\t\t\t\t\t\t\t\t\t<figcaption class=\"widget-image-caption wp-caption-text\">Holger Beutel -Jugendvorstand-<\/figcaption>\n\t\t\t\t\t\t\t\t\t\t<\/figure>\n\t\t\t\t\t\t\t\t\t<\/div>\n\t\t\t\t<\/div>\n\t\t\t\t<div class=\"elementor-element elementor-element-2a8b8a5 elementor-widget elementor-widget-text-editor\" data-id=\"2a8b8a5\" data-element_type=\"widget\" data-widget_type=\"text-editor.default\">\n\t\t\t\t<div class=\"elementor-widget-container\">\n\t\t\t\t\t\t\t\t\t<h3 data-start=\"1040\" data-end=\"1083\"><strong data-start=\"1044\" data-end=\"1081\">\ud83d\udcc5 Wann geht\u2019s los?<\/strong><\/h3>\n<p data-start=\"1084\" data-end=\"1174\">\ud83d\udccd Spielort: Sportgel\u00e4nde Birkenweg, Bad Saulgau<br data-start=\"1136\" data-end=\"1139\" \/>\ud83d\udcc5 Datum: 28. &amp; 29. Juni 2025<\/p>\n<ul data-start=\"1176\" data-end=\"1485\">\n<li data-start=\"1176\" data-end=\"1253\">C-Junioren \ud83c\udfc6 \u2013 Samstag, 28.06.2025 | Beginn: 14:00 Uhr<\/li>\n<li data-start=\"1254\" data-end=\"1331\">D-Junioren \ud83c\udfc6 \u2013 Sonntag, 29.06.2025 | Beginn: 14:00 Uhr<\/li>\n<li data-start=\"1332\" data-end=\"1409\">E-Junioren \ud83c\udfc6 \u2013 Samstag, 28.06.2025 | Beginn: 09:00 Uhr<\/li>\n<li data-start=\"1410\" data-end=\"1485\">F-Junioren \ud83c\udfc6 \u2013 Sonntag, 29.06.2025 | Beginn: 09:00 Uhr<br \/><br \/><\/li>\n<\/ul>\n<p data-start=\"1487\" data-end=\"1586\">Gespielt wird mit einer Spielzeit von 1 x 15 Minuten pro Partie.<\/p>\t\t\t\t\t\t\t\t<\/div>\n\t\t\t\t<\/div>\n\t\t\t\t\t<\/div>\n\t\t\t\t<\/div>\n\t\t\t\t<div class=\"elementor-element elementor-element-5ae4431 elementor-widget elementor-widget-spacer\" data-id=\"5ae4431\" data-element_type=\"widget\" data-widget_type=\"spacer.default\">\n\t\t\t\t<div class=\"elementor-widget-container\">\n\t\t\t\t\t\t\t<div class=\"elementor-spacer\">\n\t\t\t<div class=\"elementor-spacer-inner\"><\/div>\n\t\t<\/div>\n\t\t\t\t\t\t<\/div>\n\t\t\t\t<\/div>\n\t\t\t\t<div class=\"elementor-element elementor-element-bfeebe4 elementor-blockquote--skin-boxed elementor-blockquote--button-color-official elementor-widget elementor-widget-blockquote\" data-id=\"bfeebe4\" data-element_type=\"widget\" data-widget_type=\"blockquote.default\">\n\t\t\t\t<div class=\"elementor-widget-container\">\n\t\t\t\t\t\t\t<blockquote class=\"elementor-blockquote\">\n\t\t\t<p class=\"elementor-blockquote__content\">\n\t\t\t\t\ud83c\udf1f Die Teams: Hochkar\u00e4tige Jugendmannschaften aus der Region!\t\t\t<\/p>\n\t\t\t\t\t<\/blockquote>\n\t\t\t\t\t\t<\/div>\n\t\t\t\t<\/div>\n\t\t\t\t<div class=\"elementor-element elementor-element-c842457 elementor-widget elementor-widget-text-editor\" data-id=\"c842457\" data-element_type=\"widget\" data-widget_type=\"text-editor.default\">\n\t\t\t\t<div class=\"elementor-widget-container\">\n\t\t\t\t\t\t\t\t\t<p data-start=\"1665\" data-end=\"2028\">Auch in diesem Jahr d\u00fcrfen wir uns auf <strong data-start=\"1704\" data-end=\"1734\">ein starkes Teilnehmerfeld<\/strong> freuen. Teams wie der <strong data-start=\"1757\" data-end=\"1856\">SC Pfullendorf, der VfB Friedrichshafen, der FV Illertissen und viele weitere Traditionsvereine<\/strong> bringen ihre besten Talente mit. Nat\u00fcrlich ist auch unser <strong data-start=\"1915\" data-end=\"1958\">FVS auch vertreten<\/strong> \u2013 und wir freuen uns darauf, unsere KidZ auf dem Platz anzufeuern!<br \/><br \/><\/p><p data-start=\"2030\" data-end=\"2338\">Einige Highlights aus dem Teilnehmerfeld:<\/p><p data-start=\"2030\" data-end=\"2338\">\ud83d\udd39 <strong data-start=\"2077\" data-end=\"2092\">C-Junioren:<\/strong> SC Pfullendorf U14, FC Isny, SGM Aulendorf<br data-start=\"2135\" data-end=\"2138\" \/>\ud83d\udd39 <strong data-start=\"2141\" data-end=\"2156\">D-Junioren:<\/strong> VfB Friedrichshafen, TSG T\u00fcbingen, SGM Laiz\/FC 99<br data-start=\"2206\" data-end=\"2209\" \/>\ud83d\udd39 <strong data-start=\"2212\" data-end=\"2227\">E-Junioren:<\/strong> Wacker Biberach, TSV Erbach, FV Bad Saulgau<br data-start=\"2271\" data-end=\"2274\" \/>\ud83d\udd39 <strong data-start=\"2277\" data-end=\"2292\">F-Junioren:<\/strong> SV Weingarten, FV Illertissen, TSV Hochdorf<\/p>\t\t\t\t\t\t\t\t<\/div>\n\t\t\t\t<\/div>\n\t\t\t\t<div class=\"elementor-element elementor-element-fb8bdca elementor-widget elementor-widget-spacer\" data-id=\"fb8bdca\" data-element_type=\"widget\" data-widget_type=\"spacer.default\">\n\t\t\t\t<div class=\"elementor-widget-container\">\n\t\t\t\t\t\t\t<div class=\"elementor-spacer\">\n\t\t\t<div class=\"elementor-spacer-inner\"><\/div>\n\t\t<\/div>\n\t\t\t\t\t\t<\/div>\n\t\t\t\t<\/div>\n\t\t\t\t<div class=\"elementor-element elementor-element-4d6e61f2 elementor-widget elementor-widget-text-editor\" data-id=\"4d6e61f2\" data-element_type=\"widget\" data-widget_type=\"text-editor.default\">\n\t\t\t\t<div class=\"elementor-widget-container\">\n\t\t\t\t\t\t\t\t\t<h3 data-start=\"2286\" data-end=\"2345\"><strong data-start=\"2290\" data-end=\"2343\">DAS IST UNSER TURNIER \u2013 DAS IST UNSER FVS! <br \/><\/strong><\/h3><p data-start=\"2347\" data-end=\"2561\"><strong data-start=\"2347\" data-end=\"2431\">Also, FVS-Fans \u2013 ran an die Trommeln, hoch mit den Fahnen und auf zum Birkenweg!<\/strong> Unsere Jugend hat es verdient, dass wir sie lautstark unterst\u00fctzen und gemeinsam ein Wochenende voller Fu\u00dfball-Momente erleben.<\/p><p data-start=\"2563\" data-end=\"2661\">\ud83d\udce2 <strong data-start=\"2566\" data-end=\"2655\">Wir sehen uns am 28. &amp; 29. Juni \u2013 denn Fu\u00dfball in Saulgau ist mehr als nur ein Spiel!<\/strong> \ud83d\ude80\u26bd<\/p><p data-start=\"2663\" data-end=\"2689\" data-is-last-node=\"\" data-is-only-node=\"\"><strong data-start=\"2663\" data-end=\"2689\" data-is-last-node=\"\">AUF GEHT\u2019S, FVS! \ud83d\udd34\u26aa\ud83d\udd25<\/strong><\/p>\t\t\t\t\t\t\t\t<\/div>\n\t\t\t\t<\/div>\n\t\t\t\t\t<\/div>\n\t\t\t\t<\/div>\n\t\t\t\t<\/div>\n\t\t","protected":false},"excerpt":{"rendered":"<p>\u201eWir brauchen diesen Spirit \u2013 sonst wird\u2019s eng!\u201c <\/p>\n<p>Der FVS hat eine herausragende Hinrunde gespielt \u2013 doch reicht das wirklich f\u00fcr den gro\u00dfen Traum? J\u00fcrgen Herrmann verr\u00e4t, warum es jetzt auf mehr als nur Tore und Punkte ankommt und was unsere Mannschaft unbedingt bewahren muss!<\/p>\n","protected":false},"author":1,"featured_media":5797,"comment_status":"open","ping_status":"open","sticky":false,"template":"","format":"standard","meta":{"_acf_changed":false,"footnotes":""},"categories":[67],"tags":[],"sponsor":[],"class_list":["post-5786","post","type-post","status-publish","format-standard","has-post-thumbnail","hentry","category-jugend"],"acf":[],"_links":{"self":[{"href":"https:\/\/fvbadsaulgau.de\/index.php\/wp-json\/wp\/v2\/posts\/5786","targetHints":{"allow":["GET"]}}],"collection":[{"href":"https:\/\/fvbadsaulgau.de\/index.php\/wp-json\/wp\/v2\/posts"}],"about":[{"href":"https:\/\/fvbadsaulgau.de\/index.php\/wp-json\/wp\/v2\/types\/post"}],"author":[{"embeddable":true,"href":"https:\/\/fvbadsaulgau.de\/index.php\/wp-json\/wp\/v2\/users\/1"}],"replies":[{"embeddable":true,"href":"https:\/\/fvbadsaulgau.de\/index.php\/wp-json\/wp\/v2\/comments?post=5786"}],"version-history":[{"count":10,"href":"https:\/\/fvbadsaulgau.de\/index.php\/wp-json\/wp\/v2\/posts\/5786\/revisions"}],"predecessor-version":[{"id":5838,"href":"https:\/\/fvbadsaulgau.de\/index.php\/wp-json\/wp\/v2\/posts\/5786\/revisions\/5838"}],"wp:featuredmedia":[{"embeddable":true,"href":"https:\/\/fvbadsaulgau.de\/index.php\/wp-json\/wp\/v2\/media\/5797"}],"wp:attachment":[{"href":"https:\/\/fvbadsaulgau.de\/index.php\/wp-json\/wp\/v2\/media?parent=5786"}],"wp:term":[{"taxonomy":"category","embeddable":true,"href":"https:\/\/fvbadsaulgau.de\/index.php\/wp-json\/wp\/v2\/categories?post=5786"},{"taxonomy":"post_tag","embeddable":true,"href":"https:\/\/fvbadsaulgau.de\/index.php\/wp-json\/wp\/v2\/tags?post=5786"},{"taxonomy":"sponsor","embeddable":true,"href":"https:\/\/fvbadsaulgau.de\/index.php\/wp-json\/wp\/v2\/sponsor?post=5786"}],"curies":[{"name":"wp","href":"https:\/\/api.w.org\/{rel}","templated":true}]}}